{"id":10331,"date":"2023-01-02T20:02:30","date_gmt":"2023-01-02T18:02:30","guid":{"rendered":"https:\/\/www.tv-schweinheim.de\/wp\/?p=10331"},"modified":"2023-01-02T20:02:33","modified_gmt":"2023-01-02T18:02:33","slug":"tvs-jugend-feiert","status":"publish","type":"post","link":"https:\/\/www.tv-schweinheim.de\/wp\/2023\/01\/02\/tvs-jugend-feiert\/","title":{"rendered":"TVS \u2013 Jugend feiert Weihnachten!"},"content":{"rendered":"\t\t<div data-elementor-type=\"wp-post\" data-elementor-id=\"10331\" class=\"elementor elementor-10331\">\n\t\t\t\t\t\t<section class=\"elementor-section elementor-top-section elementor-element elementor-element-3346946 elementor-section-boxed elementor-section-height-default elementor-section-height-default\" data-id=\"3346946\" data-element_type=\"section\" data-e-type=\"section\">\n\t\t\t\t\t\t<div class=\"elementor-container elementor-column-gap-default\">\n\t\t\t\t\t<div class=\"elementor-column elementor-col-100 elementor-top-column elementor-element elementor-element-ee2265c\" data-id=\"ee2265c\" data-element_type=\"column\" data-e-type=\"column\">\n\t\t\t<div class=\"elementor-widget-wrap elementor-element-populated\">\n\t\t\t\t\t\t<div class=\"elementor-element elementor-element-61391d6 elementor-widget elementor-widget-text-editor\" data-id=\"61391d6\" data-element_type=\"widget\" data-e-type=\"widget\" data-widget_type=\"text-editor.default\">\n\t\t\t\t<div class=\"elementor-widget-container\">\n\t\t\t\t\t\t\t\t\t<p>Bereits am 03.12.2022 feierte die TVS Jugendabteilung mit allen Kleinfeldmannschaften eine riesige Weihnachtsfeier in unserer alten Turnhalle in Schweinheim. Bei bester Verpflegung und guter musikalischer Begleitung wurden am Abend sch\u00f6ne gemeinsame Stunden verbracht. Ein besonderes Erlebnis war die Ehrung aller Teams, die mit tosendem Applaus gefeiert wurden. Alle Fu\u00dfballerinnen und Fu\u00dfballer mussten wie auch ihre Trainer bei dem Nikolaus ihre Sportlichkeit unter Beweis stellen und einen Sprung \u00fcber Rute meistern.<\/p><p>Eine Woche sp\u00e4ter, am 10.12.22 waren die Gro\u00dffeldteams zur Weihnachtsfeier geladen. Auch hier wurden die Teams geehrt und frenetisch gefeiert. Ab 19:00 Uhr kamen die aktiven und \u00e4lteren passiven Mitglieder der Fu\u00dfballabteilung hinzu und rundeten den langen gem\u00fctlichen Abend ab.<br \/>Highlight auf beiden Veranstaltungen war die jeweils sehr gro\u00dfe Tombola, die gespickt mit tollen Preisen ein paar Kinderaugen zum Leuchten brachte.<br \/>Wir bedanken uns bei allen, die die beiden wundersch\u00f6nen Festlichkeiten m\u00f6glich gemacht haben und mit uns ein paar sehr sch\u00f6ne Stunden verbracht haben.<\/p>\t\t\t\t\t\t\t\t<\/div>\n\t\t\t\t<\/div>\n\t\t\t\t\t<\/div>\n\t\t<\/div>\n\t\t\t\t\t<\/div>\n\t\t<\/section>\n\t\t\t\t<section class=\"elementor-section elementor-top-section elementor-element elementor-element-2a708c1 elementor-section-boxed elementor-section-height-default elementor-section-height-default\" data-id=\"2a708c1\" data-element_type=\"section\" data-e-type=\"section\">\n\t\t\t\t\t\t<div class=\"elementor-container elementor-column-gap-default\">\n\t\t\t\t\t<div class=\"elementor-column elementor-col-100 elementor-top-column elementor-element elementor-element-02f646d\" data-id=\"02f646d\" data-element_type=\"column\" data-e-type=\"column\">\n\t\t\t<div class=\"elementor-widget-wrap elementor-element-populated\">\n\t\t\t\t\t\t<div class=\"elementor-element elementor-element-620c91d elementor-widget elementor-widget-image\" data-id=\"620c91d\" data-element_type=\"widget\" data-e-type=\"widget\" data-widget_type=\"image.default\">\n\t\t\t\t<div class=\"elementor-widget-container\">\n\t\t\t\t\t\t\t\t\t\t\t\t\t\t\t<img fetchpriority=\"high\" decoding=\"async\" width=\"1024\" height=\"501\" src=\"https:\/\/www.tv-schweinheim.de\/wp\/wp-content\/uploads\/2023\/01\/WF1.jpg\" class=\"attachment-large size-large wp-image-10334\" alt=\"\" srcset=\"https:\/\/www.tv-schweinheim.de\/wp\/wp-content\/uploads\/2023\/01\/WF1.jpg 1024w, https:\/\/www.tv-schweinheim.de\/wp\/wp-content\/uploads\/2023\/01\/WF1-300x147.jpg 300w, https:\/\/www.tv-schweinheim.de\/wp\/wp-content\/uploads\/2023\/01\/WF1-768x376.jpg 768w\" sizes=\"(max-width: 1024px) 100vw, 1024px\" \/>\t\t\t\t\t\t\t\t\t\t\t\t\t\t\t<\/div>\n\t\t\t\t<\/div>\n\t\t\t\t\t<\/div>\n\t\t<\/div>\n\t\t\t\t\t<\/div>\n\t\t<\/section>\n\t\t\t\t<section class=\"elementor-section elementor-top-section elementor-element elementor-element-077fcac elementor-section-boxed elementor-section-height-default elementor-section-height-default\" data-id=\"077fcac\" data-element_type=\"section\" data-e-type=\"section\">\n\t\t\t\t\t\t<div class=\"elementor-container elementor-column-gap-default\">\n\t\t\t\t\t<div class=\"elementor-column elementor-col-100 elementor-top-column elementor-element elementor-element-39e8ef3\" data-id=\"39e8ef3\" data-element_type=\"column\" data-e-type=\"column\">\n\t\t\t<div class=\"elementor-widget-wrap elementor-element-populated\">\n\t\t\t\t\t\t<div class=\"elementor-element elementor-element-e867242 elementor-widget elementor-widget-text-editor\" data-id=\"e867242\" data-element_type=\"widget\" data-e-type=\"widget\" data-widget_type=\"text-editor.default\">\n\t\t\t\t<div class=\"elementor-widget-container\">\n\t\t\t\t\t\t\t\t\t<p>Die Feier am 03.12. von der G + F + E \u2013 Jugend<\/p>\t\t\t\t\t\t\t\t<\/div>\n\t\t\t\t<\/div>\n\t\t\t\t\t<\/div>\n\t\t<\/div>\n\t\t\t\t\t<\/div>\n\t\t<\/section>\n\t\t\t\t<section class=\"elementor-section elementor-top-section elementor-element elementor-element-0f58665 elementor-section-boxed elementor-section-height-default elementor-section-height-default\" data-id=\"0f58665\" data-element_type=\"section\" data-e-type=\"section\">\n\t\t\t\t\t\t<div class=\"elementor-container elementor-column-gap-default\">\n\t\t\t\t\t<div class=\"elementor-column elementor-col-100 elementor-top-column elementor-element elementor-element-7691db6\" data-id=\"7691db6\" data-element_type=\"column\" data-e-type=\"column\">\n\t\t\t<div class=\"elementor-widget-wrap elementor-element-populated\">\n\t\t\t\t\t\t<div class=\"elementor-element elementor-element-9bc99a4 elementor-widget elementor-widget-image\" data-id=\"9bc99a4\" data-element_type=\"widget\" data-e-type=\"widget\" data-widget_type=\"image.default\">\n\t\t\t\t<div class=\"elementor-widget-container\">\n\t\t\t\t\t\t\t\t\t\t\t\t\t\t\t<img decoding=\"async\" width=\"1024\" height=\"561\" src=\"https:\/\/www.tv-schweinheim.de\/wp\/wp-content\/uploads\/2023\/01\/WF2-1024x561.jpg\" class=\"attachment-large size-large wp-image-10332\" alt=\"\" srcset=\"https:\/\/www.tv-schweinheim.de\/wp\/wp-content\/uploads\/2023\/01\/WF2-1024x561.jpg 1024w, https:\/\/www.tv-schweinheim.de\/wp\/wp-content\/uploads\/2023\/01\/WF2-300x164.jpg 300w, https:\/\/www.tv-schweinheim.de\/wp\/wp-content\/uploads\/2023\/01\/WF2-768x420.jpg 768w, https:\/\/www.tv-schweinheim.de\/wp\/wp-content\/uploads\/2023\/01\/WF2-1536x841.jpg 1536w, https:\/\/www.tv-schweinheim.de\/wp\/wp-content\/uploads\/2023\/01\/WF2-2048x1121.jpg 2048w\" sizes=\"(max-width: 1024px) 100vw, 1024px\" \/>\t\t\t\t\t\t\t\t\t\t\t\t\t\t\t<\/div>\n\t\t\t\t<\/div>\n\t\t\t\t\t<\/div>\n\t\t<\/div>\n\t\t\t\t\t<\/div>\n\t\t<\/section>\n\t\t\t\t<section class=\"elementor-section elementor-top-section elementor-element elementor-element-60d19ac elementor-section-boxed elementor-section-height-default elementor-section-height-default\" data-id=\"60d19ac\" data-element_type=\"section\" data-e-type=\"section\">\n\t\t\t\t\t\t<div class=\"elementor-container elementor-column-gap-default\">\n\t\t\t\t\t<div class=\"elementor-column elementor-col-100 elementor-top-column elementor-element elementor-element-a346727\" data-id=\"a346727\" data-element_type=\"column\" data-e-type=\"column\">\n\t\t\t<div class=\"elementor-widget-wrap elementor-element-populated\">\n\t\t\t\t\t\t<div class=\"elementor-element elementor-element-21cf6b0 elementor-widget elementor-widget-text-editor\" data-id=\"21cf6b0\" data-element_type=\"widget\" data-e-type=\"widget\" data-widget_type=\"text-editor.default\">\n\t\t\t\t<div class=\"elementor-widget-container\">\n\t\t\t\t\t\t\t\t\t<p>Am 10.12.22 feierten unsere D &amp; C \u2013 Jugendteams<\/p>\t\t\t\t\t\t\t\t<\/div>\n\t\t\t\t<\/div>\n\t\t\t\t\t<\/div>\n\t\t<\/div>\n\t\t\t\t\t<\/div>\n\t\t<\/section>\n\t\t\t\t<\/div>\n\t\t","protected":false},"excerpt":{"rendered":"<p>Bereits am 03.12.2022 feierte die TVS Jugendabteilung mit allen Kleinfeldmannschaften eine riesige Weihnachtsfeier in unserer alten Turnhalle in Schweinheim. Bei bester Verpflegung und guter musikalischer Begleitung wurden am Abend sch\u00f6ne gemeinsame Stunden verbracht. Ein besonderes Erlebnis war die Ehrung aller Teams, die mit tosendem Applaus gefeiert wurden. Alle Fu\u00dfballerinnen und Fu\u00dfballer mussten wie auch ihre&hellip;&nbsp;<a href=\"https:\/\/www.tv-schweinheim.de\/wp\/2023\/01\/02\/tvs-jugend-feiert\/\" rel=\"bookmark\">Mehr lesen &raquo;<span class=\"screen-reader-text\">TVS \u2013 Jugend feiert Weihnachten!<\/span><\/a><\/p>\n","protected":false},"author":5,"featured_media":10332,"comment_status":"closed","ping_status":"open","sticky":false,"template":"","format":"standard","meta":{"_acf_changed":false,"neve_meta_sidebar":"","neve_meta_container":"","neve_meta_enable_content_width":"","neve_meta_content_width":0,"neve_meta_title_alignment":"","neve_meta_author_avatar":"","neve_post_elements_order":"","neve_meta_disable_header":"","neve_meta_disable_footer":"","neve_meta_disable_title":"","neve_meta_reading_time":"","footnotes":""},"categories":[109,1],"tags":[],"class_list":["post-10331","post","type-post","status-publish","format-standard","has-post-thumbnail","hentry","category-fussballjugend","category-vereinsnachrichten"],"acf":[],"yoast_head":"<!-- This site is optimized with the Yoast SEO plugin v27.4 - https:\/\/yoast.com\/product\/yoast-seo-wordpress\/ -->\n<title>TVS \u2013 Jugend feiert Weihnachten! - Turnverein Schweinheim<\/title>\n<meta name=\"robots\" content=\"index, follow, max-snippet:-1, max-image-preview:large, max-video-preview:-1\" \/>\n<link rel=\"canonical\" href=\"https:\/\/www.tv-schweinheim.de\/wp\/2023\/01\/02\/tvs-jugend-feiert\/\" \/>\n<meta property=\"og:locale\" content=\"de_DE\" \/>\n<meta property=\"og:type\" content=\"article\" \/>\n<meta property=\"og:title\" content=\"TVS \u2013 Jugend feiert Weihnachten! - Turnverein Schweinheim\" \/>\n<meta property=\"og:description\" content=\"Bereits am 03.12.2022 feierte die TVS Jugendabteilung mit allen Kleinfeldmannschaften eine riesige Weihnachtsfeier in unserer alten Turnhalle in Schweinheim. Bei bester Verpflegung und guter musikalischer Begleitung wurden am Abend sch\u00f6ne gemeinsame Stunden verbracht. Ein besonderes Erlebnis war die Ehrung aller Teams, die mit tosendem Applaus gefeiert wurden. Alle Fu\u00dfballerinnen und Fu\u00dfballer mussten wie auch ihre&hellip;&nbsp;Mehr lesen &raquo;TVS \u2013 Jugend feiert Weihnachten!\" \/>\n<meta property=\"og:url\" content=\"https:\/\/www.tv-schweinheim.de\/wp\/2023\/01\/02\/tvs-jugend-feiert\/\" \/>\n<meta property=\"og:site_name\" content=\"Turnverein Schweinheim\" \/>\n<meta property=\"article:publisher\" content=\"https:\/\/www.facebook.com\/turnvereinschweinheim\/\" \/>\n<meta property=\"article:published_time\" content=\"2023-01-02T18:02:30+00:00\" \/>\n<meta property=\"article:modified_time\" content=\"2023-01-02T18:02:33+00:00\" \/>\n<meta property=\"og:image\" content=\"https:\/\/www.tv-schweinheim.de\/wp\/wp-content\/uploads\/2023\/01\/WF2.jpg\" \/>\n\t<meta property=\"og:image:width\" content=\"2431\" \/>\n\t<meta property=\"og:image:height\" content=\"1331\" \/>\n\t<meta property=\"og:image:type\" content=\"image\/jpeg\" \/>\n<meta name=\"author\" content=\"Nina Mattmer\" \/>\n<meta name=\"twitter:card\" content=\"summary_large_image\" \/>\n<meta name=\"twitter:label1\" content=\"Verfasst von\" \/>\n\t<meta name=\"twitter:data1\" content=\"Nina Mattmer\" \/>\n\t<meta name=\"twitter:label2\" content=\"Gesch\u00e4tzte Lesezeit\" \/>\n\t<meta name=\"twitter:data2\" content=\"2\u00a0Minuten\" \/>\n<script type=\"application\/ld+json\" class=\"yoast-schema-graph\">{\"@context\":\"https:\\\/\\\/schema.org\",\"@graph\":[{\"@type\":\"Article\",\"@id\":\"https:\\\/\\\/www.tv-schweinheim.de\\\/wp\\\/2023\\\/01\\\/02\\\/tvs-jugend-feiert\\\/#article\",\"isPartOf\":{\"@id\":\"https:\\\/\\\/www.tv-schweinheim.de\\\/wp\\\/2023\\\/01\\\/02\\\/tvs-jugend-feiert\\\/\"},\"author\":{\"name\":\"Nina Mattmer\",\"@id\":\"https:\\\/\\\/www.tv-schweinheim.de\\\/wp\\\/#\\\/schema\\\/person\\\/879b7e374883e1fbc9d48df1e8eb1560\"},\"headline\":\"TVS \u2013 Jugend feiert Weihnachten!\",\"datePublished\":\"2023-01-02T18:02:30+00:00\",\"dateModified\":\"2023-01-02T18:02:33+00:00\",\"mainEntityOfPage\":{\"@id\":\"https:\\\/\\\/www.tv-schweinheim.de\\\/wp\\\/2023\\\/01\\\/02\\\/tvs-jugend-feiert\\\/\"},\"wordCount\":182,\"publisher\":{\"@id\":\"https:\\\/\\\/www.tv-schweinheim.de\\\/wp\\\/#organization\"},\"image\":{\"@id\":\"https:\\\/\\\/www.tv-schweinheim.de\\\/wp\\\/2023\\\/01\\\/02\\\/tvs-jugend-feiert\\\/#primaryimage\"},\"thumbnailUrl\":\"https:\\\/\\\/www.tv-schweinheim.de\\\/wp\\\/wp-content\\\/uploads\\\/2023\\\/01\\\/WF2.jpg\",\"articleSection\":[\"Fu\u00dfballjugend\",\"Vereinsnachrichten\"],\"inLanguage\":\"de\"},{\"@type\":\"WebPage\",\"@id\":\"https:\\\/\\\/www.tv-schweinheim.de\\\/wp\\\/2023\\\/01\\\/02\\\/tvs-jugend-feiert\\\/\",\"url\":\"https:\\\/\\\/www.tv-schweinheim.de\\\/wp\\\/2023\\\/01\\\/02\\\/tvs-jugend-feiert\\\/\",\"name\":\"TVS \u2013 Jugend feiert Weihnachten! - Turnverein Schweinheim\",\"isPartOf\":{\"@id\":\"https:\\\/\\\/www.tv-schweinheim.de\\\/wp\\\/#website\"},\"primaryImageOfPage\":{\"@id\":\"https:\\\/\\\/www.tv-schweinheim.de\\\/wp\\\/2023\\\/01\\\/02\\\/tvs-jugend-feiert\\\/#primaryimage\"},\"image\":{\"@id\":\"https:\\\/\\\/www.tv-schweinheim.de\\\/wp\\\/2023\\\/01\\\/02\\\/tvs-jugend-feiert\\\/#primaryimage\"},\"thumbnailUrl\":\"https:\\\/\\\/www.tv-schweinheim.de\\\/wp\\\/wp-content\\\/uploads\\\/2023\\\/01\\\/WF2.jpg\",\"datePublished\":\"2023-01-02T18:02:30+00:00\",\"dateModified\":\"2023-01-02T18:02:33+00:00\",\"breadcrumb\":{\"@id\":\"https:\\\/\\\/www.tv-schweinheim.de\\\/wp\\\/2023\\\/01\\\/02\\\/tvs-jugend-feiert\\\/#breadcrumb\"},\"inLanguage\":\"de\",\"potentialAction\":[{\"@type\":\"ReadAction\",\"target\":[\"https:\\\/\\\/www.tv-schweinheim.de\\\/wp\\\/2023\\\/01\\\/02\\\/tvs-jugend-feiert\\\/\"]}]},{\"@type\":\"ImageObject\",\"inLanguage\":\"de\",\"@id\":\"https:\\\/\\\/www.tv-schweinheim.de\\\/wp\\\/2023\\\/01\\\/02\\\/tvs-jugend-feiert\\\/#primaryimage\",\"url\":\"https:\\\/\\\/www.tv-schweinheim.de\\\/wp\\\/wp-content\\\/uploads\\\/2023\\\/01\\\/WF2.jpg\",\"contentUrl\":\"https:\\\/\\\/www.tv-schweinheim.de\\\/wp\\\/wp-content\\\/uploads\\\/2023\\\/01\\\/WF2.jpg\",\"width\":2431,\"height\":1331},{\"@type\":\"BreadcrumbList\",\"@id\":\"https:\\\/\\\/www.tv-schweinheim.de\\\/wp\\\/2023\\\/01\\\/02\\\/tvs-jugend-feiert\\\/#breadcrumb\",\"itemListElement\":[{\"@type\":\"ListItem\",\"position\":1,\"name\":\"Startseite\",\"item\":\"https:\\\/\\\/www.tv-schweinheim.de\\\/wp\\\/\"},{\"@type\":\"ListItem\",\"position\":2,\"name\":\"TVS \u2013 Jugend feiert Weihnachten!\"}]},{\"@type\":\"WebSite\",\"@id\":\"https:\\\/\\\/www.tv-schweinheim.de\\\/wp\\\/#website\",\"url\":\"https:\\\/\\\/www.tv-schweinheim.de\\\/wp\\\/\",\"name\":\"Turnverein Schweinheim\",\"description\":\"1885 e.V.\",\"publisher\":{\"@id\":\"https:\\\/\\\/www.tv-schweinheim.de\\\/wp\\\/#organization\"},\"potentialAction\":[{\"@type\":\"SearchAction\",\"target\":{\"@type\":\"EntryPoint\",\"urlTemplate\":\"https:\\\/\\\/www.tv-schweinheim.de\\\/wp\\\/?s={search_term_string}\"},\"query-input\":{\"@type\":\"PropertyValueSpecification\",\"valueRequired\":true,\"valueName\":\"search_term_string\"}}],\"inLanguage\":\"de\"},{\"@type\":\"Organization\",\"@id\":\"https:\\\/\\\/www.tv-schweinheim.de\\\/wp\\\/#organization\",\"name\":\"TV Schweinheim\",\"url\":\"https:\\\/\\\/www.tv-schweinheim.de\\\/wp\\\/\",\"logo\":{\"@type\":\"ImageObject\",\"inLanguage\":\"de\",\"@id\":\"https:\\\/\\\/www.tv-schweinheim.de\\\/wp\\\/#\\\/schema\\\/logo\\\/image\\\/\",\"url\":\"https:\\\/\\\/www.tv-schweinheim.de\\\/wp\\\/wp-content\\\/uploads\\\/2020\\\/06\\\/logo.png\",\"contentUrl\":\"https:\\\/\\\/www.tv-schweinheim.de\\\/wp\\\/wp-content\\\/uploads\\\/2020\\\/06\\\/logo.png\",\"width\":152,\"height\":146,\"caption\":\"TV Schweinheim\"},\"image\":{\"@id\":\"https:\\\/\\\/www.tv-schweinheim.de\\\/wp\\\/#\\\/schema\\\/logo\\\/image\\\/\"},\"sameAs\":[\"https:\\\/\\\/www.facebook.com\\\/turnvereinschweinheim\\\/\",\"https:\\\/\\\/www.instagram.com\\\/tv_schweinheim\\\/\"]},{\"@type\":\"Person\",\"@id\":\"https:\\\/\\\/www.tv-schweinheim.de\\\/wp\\\/#\\\/schema\\\/person\\\/879b7e374883e1fbc9d48df1e8eb1560\",\"name\":\"Nina Mattmer\",\"image\":{\"@type\":\"ImageObject\",\"inLanguage\":\"de\",\"@id\":\"https:\\\/\\\/secure.gravatar.com\\\/avatar\\\/82b4486c6750729486017f6e90a7f5ceb3fefad2bc6747408dabb218e2aaa040?s=96&d=mm&r=g\",\"url\":\"https:\\\/\\\/secure.gravatar.com\\\/avatar\\\/82b4486c6750729486017f6e90a7f5ceb3fefad2bc6747408dabb218e2aaa040?s=96&d=mm&r=g\",\"contentUrl\":\"https:\\\/\\\/secure.gravatar.com\\\/avatar\\\/82b4486c6750729486017f6e90a7f5ceb3fefad2bc6747408dabb218e2aaa040?s=96&d=mm&r=g\",\"caption\":\"Nina Mattmer\"},\"url\":\"https:\\\/\\\/www.tv-schweinheim.de\\\/wp\\\/author\\\/nina\\\/\"}]}<\/script>\n<!-- \/ Yoast SEO plugin. -->","yoast_head_json":{"title":"TVS \u2013 Jugend feiert Weihnachten! - Turnverein Schweinheim","robots":{"index":"index","follow":"follow","max-snippet":"max-snippet:-1","max-image-preview":"max-image-preview:large","max-video-preview":"max-video-preview:-1"},"canonical":"https:\/\/www.tv-schweinheim.de\/wp\/2023\/01\/02\/tvs-jugend-feiert\/","og_locale":"de_DE","og_type":"article","og_title":"TVS \u2013 Jugend feiert Weihnachten! - Turnverein Schweinheim","og_description":"Bereits am 03.12.2022 feierte die TVS Jugendabteilung mit allen Kleinfeldmannschaften eine riesige Weihnachtsfeier in unserer alten Turnhalle in Schweinheim. Bei bester Verpflegung und guter musikalischer Begleitung wurden am Abend sch\u00f6ne gemeinsame Stunden verbracht. Ein besonderes Erlebnis war die Ehrung aller Teams, die mit tosendem Applaus gefeiert wurden. Alle Fu\u00dfballerinnen und Fu\u00dfballer mussten wie auch ihre&hellip;&nbsp;Mehr lesen &raquo;TVS \u2013 Jugend feiert Weihnachten!","og_url":"https:\/\/www.tv-schweinheim.de\/wp\/2023\/01\/02\/tvs-jugend-feiert\/","og_site_name":"Turnverein Schweinheim","article_publisher":"https:\/\/www.facebook.com\/turnvereinschweinheim\/","article_published_time":"2023-01-02T18:02:30+00:00","article_modified_time":"2023-01-02T18:02:33+00:00","og_image":[{"width":2431,"height":1331,"url":"https:\/\/www.tv-schweinheim.de\/wp\/wp-content\/uploads\/2023\/01\/WF2.jpg","type":"image\/jpeg"}],"author":"Nina Mattmer","twitter_card":"summary_large_image","twitter_misc":{"Verfasst von":"Nina Mattmer","Gesch\u00e4tzte Lesezeit":"2\u00a0Minuten"},"schema":{"@context":"https:\/\/schema.org","@graph":[{"@type":"Article","@id":"https:\/\/www.tv-schweinheim.de\/wp\/2023\/01\/02\/tvs-jugend-feiert\/#article","isPartOf":{"@id":"https:\/\/www.tv-schweinheim.de\/wp\/2023\/01\/02\/tvs-jugend-feiert\/"},"author":{"name":"Nina Mattmer","@id":"https:\/\/www.tv-schweinheim.de\/wp\/#\/schema\/person\/879b7e374883e1fbc9d48df1e8eb1560"},"headline":"TVS \u2013 Jugend feiert Weihnachten!","datePublished":"2023-01-02T18:02:30+00:00","dateModified":"2023-01-02T18:02:33+00:00","mainEntityOfPage":{"@id":"https:\/\/www.tv-schweinheim.de\/wp\/2023\/01\/02\/tvs-jugend-feiert\/"},"wordCount":182,"publisher":{"@id":"https:\/\/www.tv-schweinheim.de\/wp\/#organization"},"image":{"@id":"https:\/\/www.tv-schweinheim.de\/wp\/2023\/01\/02\/tvs-jugend-feiert\/#primaryimage"},"thumbnailUrl":"https:\/\/www.tv-schweinheim.de\/wp\/wp-content\/uploads\/2023\/01\/WF2.jpg","articleSection":["Fu\u00dfballjugend","Vereinsnachrichten"],"inLanguage":"de"},{"@type":"WebPage","@id":"https:\/\/www.tv-schweinheim.de\/wp\/2023\/01\/02\/tvs-jugend-feiert\/","url":"https:\/\/www.tv-schweinheim.de\/wp\/2023\/01\/02\/tvs-jugend-feiert\/","name":"TVS \u2013 Jugend feiert Weihnachten! - Turnverein Schweinheim","isPartOf":{"@id":"https:\/\/www.tv-schweinheim.de\/wp\/#website"},"primaryImageOfPage":{"@id":"https:\/\/www.tv-schweinheim.de\/wp\/2023\/01\/02\/tvs-jugend-feiert\/#primaryimage"},"image":{"@id":"https:\/\/www.tv-schweinheim.de\/wp\/2023\/01\/02\/tvs-jugend-feiert\/#primaryimage"},"thumbnailUrl":"https:\/\/www.tv-schweinheim.de\/wp\/wp-content\/uploads\/2023\/01\/WF2.jpg","datePublished":"2023-01-02T18:02:30+00:00","dateModified":"2023-01-02T18:02:33+00:00","breadcrumb":{"@id":"https:\/\/www.tv-schweinheim.de\/wp\/2023\/01\/02\/tvs-jugend-feiert\/#breadcrumb"},"inLanguage":"de","potentialAction":[{"@type":"ReadAction","target":["https:\/\/www.tv-schweinheim.de\/wp\/2023\/01\/02\/tvs-jugend-feiert\/"]}]},{"@type":"ImageObject","inLanguage":"de","@id":"https:\/\/www.tv-schweinheim.de\/wp\/2023\/01\/02\/tvs-jugend-feiert\/#primaryimage","url":"https:\/\/www.tv-schweinheim.de\/wp\/wp-content\/uploads\/2023\/01\/WF2.jpg","contentUrl":"https:\/\/www.tv-schweinheim.de\/wp\/wp-content\/uploads\/2023\/01\/WF2.jpg","width":2431,"height":1331},{"@type":"BreadcrumbList","@id":"https:\/\/www.tv-schweinheim.de\/wp\/2023\/01\/02\/tvs-jugend-feiert\/#breadcrumb","itemListElement":[{"@type":"ListItem","position":1,"name":"Startseite","item":"https:\/\/www.tv-schweinheim.de\/wp\/"},{"@type":"ListItem","position":2,"name":"TVS \u2013 Jugend feiert Weihnachten!"}]},{"@type":"WebSite","@id":"https:\/\/www.tv-schweinheim.de\/wp\/#website","url":"https:\/\/www.tv-schweinheim.de\/wp\/","name":"Turnverein Schweinheim","description":"1885 e.V.","publisher":{"@id":"https:\/\/www.tv-schweinheim.de\/wp\/#organization"},"potentialAction":[{"@type":"SearchAction","target":{"@type":"EntryPoint","urlTemplate":"https:\/\/www.tv-schweinheim.de\/wp\/?s={search_term_string}"},"query-input":{"@type":"PropertyValueSpecification","valueRequired":true,"valueName":"search_term_string"}}],"inLanguage":"de"},{"@type":"Organization","@id":"https:\/\/www.tv-schweinheim.de\/wp\/#organization","name":"TV Schweinheim","url":"https:\/\/www.tv-schweinheim.de\/wp\/","logo":{"@type":"ImageObject","inLanguage":"de","@id":"https:\/\/www.tv-schweinheim.de\/wp\/#\/schema\/logo\/image\/","url":"https:\/\/www.tv-schweinheim.de\/wp\/wp-content\/uploads\/2020\/06\/logo.png","contentUrl":"https:\/\/www.tv-schweinheim.de\/wp\/wp-content\/uploads\/2020\/06\/logo.png","width":152,"height":146,"caption":"TV Schweinheim"},"image":{"@id":"https:\/\/www.tv-schweinheim.de\/wp\/#\/schema\/logo\/image\/"},"sameAs":["https:\/\/www.facebook.com\/turnvereinschweinheim\/","https:\/\/www.instagram.com\/tv_schweinheim\/"]},{"@type":"Person","@id":"https:\/\/www.tv-schweinheim.de\/wp\/#\/schema\/person\/879b7e374883e1fbc9d48df1e8eb1560","name":"Nina Mattmer","image":{"@type":"ImageObject","inLanguage":"de","@id":"https:\/\/secure.gravatar.com\/avatar\/82b4486c6750729486017f6e90a7f5ceb3fefad2bc6747408dabb218e2aaa040?s=96&d=mm&r=g","url":"https:\/\/secure.gravatar.com\/avatar\/82b4486c6750729486017f6e90a7f5ceb3fefad2bc6747408dabb218e2aaa040?s=96&d=mm&r=g","contentUrl":"https:\/\/secure.gravatar.com\/avatar\/82b4486c6750729486017f6e90a7f5ceb3fefad2bc6747408dabb218e2aaa040?s=96&d=mm&r=g","caption":"Nina Mattmer"},"url":"https:\/\/www.tv-schweinheim.de\/wp\/author\/nina\/"}]}},"_links":{"self":[{"href":"https:\/\/www.tv-schweinheim.de\/wp\/wp-json\/wp\/v2\/posts\/10331","targetHints":{"allow":["GET"]}}],"collection":[{"href":"https:\/\/www.tv-schweinheim.de\/wp\/wp-json\/wp\/v2\/posts"}],"about":[{"href":"https:\/\/www.tv-schweinheim.de\/wp\/wp-json\/wp\/v2\/types\/post"}],"author":[{"embeddable":true,"href":"https:\/\/www.tv-schweinheim.de\/wp\/wp-json\/wp\/v2\/users\/5"}],"replies":[{"embeddable":true,"href":"https:\/\/www.tv-schweinheim.de\/wp\/wp-json\/wp\/v2\/comments?post=10331"}],"version-history":[{"count":6,"href":"https:\/\/www.tv-schweinheim.de\/wp\/wp-json\/wp\/v2\/posts\/10331\/revisions"}],"predecessor-version":[{"id":10339,"href":"https:\/\/www.tv-schweinheim.de\/wp\/wp-json\/wp\/v2\/posts\/10331\/revisions\/10339"}],"wp:featuredmedia":[{"embeddable":true,"href":"https:\/\/www.tv-schweinheim.de\/wp\/wp-json\/wp\/v2\/media\/10332"}],"wp:attachment":[{"href":"https:\/\/www.tv-schweinheim.de\/wp\/wp-json\/wp\/v2\/media?parent=10331"}],"wp:term":[{"taxonomy":"category","embeddable":true,"href":"https:\/\/www.tv-schweinheim.de\/wp\/wp-json\/wp\/v2\/categories?post=10331"},{"taxonomy":"post_tag","embeddable":true,"href":"https:\/\/www.tv-schweinheim.de\/wp\/wp-json\/wp\/v2\/tags?post=10331"}],"curies":[{"name":"wp","href":"https:\/\/api.w.org\/{rel}","templated":true}]}}