{"id":10536,"date":"2023-01-24T22:30:38","date_gmt":"2023-01-24T20:30:38","guid":{"rendered":"https:\/\/www.tv-schweinheim.de\/wp\/?p=10536"},"modified":"2023-01-24T22:40:35","modified_gmt":"2023-01-24T20:40:35","slug":"tv-1885-schweinheim-die-schwoijer-kw-2","status":"publish","type":"post","link":"https:\/\/www.tv-schweinheim.de\/wp\/2023\/01\/24\/tv-1885-schweinheim-die-schwoijer-kw-2\/","title":{"rendered":"TV 1885 Schweinheim \u2013 DIE SCHWOIJER KW 2"},"content":{"rendered":"\t\t<div data-elementor-type=\"wp-post\" data-elementor-id=\"10536\" class=\"elementor elementor-10536\">\n\t\t\t\t\t\t<section class=\"elementor-section elementor-top-section elementor-element elementor-element-043a710 elementor-section-boxed elementor-section-height-default elementor-section-height-default\" data-id=\"043a710\" data-element_type=\"section\" data-e-type=\"section\">\n\t\t\t\t\t\t<div class=\"elementor-container elementor-column-gap-default\">\n\t\t\t\t\t<div class=\"elementor-column elementor-col-100 elementor-top-column elementor-element elementor-element-300f146\" data-id=\"300f146\" data-element_type=\"column\" data-e-type=\"column\">\n\t\t\t<div class=\"elementor-widget-wrap elementor-element-populated\">\n\t\t\t\t\t\t<div class=\"elementor-element elementor-element-bda1ad2 elementor-widget elementor-widget-text-editor\" data-id=\"bda1ad2\" data-element_type=\"widget\" data-e-type=\"widget\" data-widget_type=\"text-editor.default\">\n\t\t\t\t<div class=\"elementor-widget-container\">\n\t\t\t\t\t\t\t\t\t<p><strong>E1 Hallenturnier in Stockstadt:<\/strong><br \/>Am Samstag, den 14.01.23 trat der TV Schweinheim beim Hallenturnier in Stockstadt an. Gespielt<br \/>wurde in drei vierer Gruppen, wobei die beiden Gruppenersten die Zwischenrunde erreichten. Dem<br \/>TVS gelang es ungeschlagen, als Gruppenzweiter im Turnier zu bleiben.<br \/>Im Halbfinale agierten wir leider etwas zu ungl\u00fccklich und nutzen unsere herausgespielten Chancen<br \/>nicht. Am Ende stand ein sehr guter 4. Platz bei einem gro\u00dfen breiten Teilnehmerfeld.<\/p><p><strong>TV Schweinheim<\/strong> \u2013 SV Stockstadt 4:0 Tore: Noah(2), Nils &amp; Malik\u00a0 \u00a0 \u00a0 \u00a0 \u00a0 \u00a0 \u00a0 \u00a0 \u00a0 \u00a0 \u00a0 \u00a0 \u00a0 \u00a0 \u00a0 \u00a0 \u00a0 \u00a0 \u00a0 \u00a0 \u00a0 \u00a0 \u00a0 \u00a0 \u00a0 \u00a0 \u00a0 \u00a0 \u00a0 \u00a0 \u00a0 \u00a0 \u00a0 \u00a0 \u00a0 \u00a0 \u00a0 \u00a0 \u00a0 \u00a0 \u00a0 \u00a0 \u00a0 \u00a0 \u00a0 \u00a0 \u00a0 \u00a0 \u00a0 \u00a0 \u00a0 \u00a0 \u00a0 \u00a0 \u00a0 \u00a0 \u00a0 \u00a0 \u00a0 \u00a0 \u00a0 \u00a0 \u00a0 \u00a0 \u00a0 \u00a0 \u00a0 \u00a0 \u00a0 \u00a0 \u00a0 \u00a0 \u00a0 \u00a0 \u00a0 \u00a0 <strong>TV Schweinheim<\/strong> \u2013 SV Sch\u00f6llkrippen 1:0 Tor: Noah<br \/><strong>TV Schweinheim<\/strong> \u2013 TSV Mainaschaff 1:1 Tor: Alexander<br \/><strong>TV Schweinheim<\/strong> \u2013 TSV Mainaschaff 1:3 Tor: Nils<br \/>Spiel um 3. Platz:<br \/><strong>TV Schweinheim<\/strong> \u2013 FSV W\u00f6rth 1:2 Tor: Amelie<\/p>\t\t\t\t\t\t\t\t<\/div>\n\t\t\t\t<\/div>\n\t\t\t\t\t<\/div>\n\t\t<\/div>\n\t\t\t\t\t<\/div>\n\t\t<\/section>\n\t\t\t\t<section class=\"elementor-section elementor-top-section elementor-element elementor-element-024791f elementor-section-boxed elementor-section-height-default elementor-section-height-default\" data-id=\"024791f\" data-element_type=\"section\" data-e-type=\"section\">\n\t\t\t\t\t\t<div class=\"elementor-container elementor-column-gap-default\">\n\t\t\t\t\t<div class=\"elementor-column elementor-col-100 elementor-top-column elementor-element elementor-element-725d8c2\" data-id=\"725d8c2\" data-element_type=\"column\" data-e-type=\"column\">\n\t\t\t<div class=\"elementor-widget-wrap elementor-element-populated\">\n\t\t\t\t\t\t<div class=\"elementor-element elementor-element-7ef0249 elementor-widget elementor-widget-image\" data-id=\"7ef0249\" data-element_type=\"widget\" data-e-type=\"widget\" data-widget_type=\"image.default\">\n\t\t\t\t<div class=\"elementor-widget-container\">\n\t\t\t\t\t\t\t\t\t\t\t\t\t\t\t<img fetchpriority=\"high\" decoding=\"async\" width=\"1024\" height=\"842\" src=\"https:\/\/www.tv-schweinheim.de\/wp\/wp-content\/uploads\/2023\/01\/E1Stock-1024x842.jpg\" class=\"attachment-large size-large wp-image-10537\" alt=\"\" srcset=\"https:\/\/www.tv-schweinheim.de\/wp\/wp-content\/uploads\/2023\/01\/E1Stock-1024x842.jpg 1024w, https:\/\/www.tv-schweinheim.de\/wp\/wp-content\/uploads\/2023\/01\/E1Stock-300x247.jpg 300w, https:\/\/www.tv-schweinheim.de\/wp\/wp-content\/uploads\/2023\/01\/E1Stock-768x631.jpg 768w, https:\/\/www.tv-schweinheim.de\/wp\/wp-content\/uploads\/2023\/01\/E1Stock-1536x1263.jpg 1536w, https:\/\/www.tv-schweinheim.de\/wp\/wp-content\/uploads\/2023\/01\/E1Stock.jpg 1783w\" sizes=\"(max-width: 1024px) 100vw, 1024px\" \/>\t\t\t\t\t\t\t\t\t\t\t\t\t\t\t<\/div>\n\t\t\t\t<\/div>\n\t\t\t\t\t<\/div>\n\t\t<\/div>\n\t\t\t\t\t<\/div>\n\t\t<\/section>\n\t\t\t\t<section class=\"elementor-section elementor-top-section elementor-element elementor-element-ce1e2a5 elementor-section-boxed elementor-section-height-default elementor-section-height-default\" data-id=\"ce1e2a5\" data-element_type=\"section\" data-e-type=\"section\">\n\t\t\t\t\t\t<div class=\"elementor-container elementor-column-gap-default\">\n\t\t\t\t\t<div class=\"elementor-column elementor-col-100 elementor-top-column elementor-element elementor-element-108b583\" data-id=\"108b583\" data-element_type=\"column\" data-e-type=\"column\">\n\t\t\t<div class=\"elementor-widget-wrap elementor-element-populated\">\n\t\t\t\t\t\t<div class=\"elementor-element elementor-element-bd8d208 elementor-widget elementor-widget-text-editor\" data-id=\"bd8d208\" data-element_type=\"widget\" data-e-type=\"widget\" data-widget_type=\"text-editor.default\">\n\t\t\t\t<div class=\"elementor-widget-container\">\n\t\t\t\t\t\t\t\t\t<p>F\u00fcr den TVS am Ball: Lennart, Amelie, Nils, Alexander, Jon, Julien, Noah, Malik, Anton Philipp &amp; Helgi<\/p>\t\t\t\t\t\t\t\t<\/div>\n\t\t\t\t<\/div>\n\t\t\t\t\t<\/div>\n\t\t<\/div>\n\t\t\t\t\t<\/div>\n\t\t<\/section>\n\t\t\t\t<section class=\"elementor-section elementor-top-section elementor-element elementor-element-bcedc7a elementor-section-boxed elementor-section-height-default elementor-section-height-default\" data-id=\"bcedc7a\" data-element_type=\"section\" data-e-type=\"section\">\n\t\t\t\t\t\t<div class=\"elementor-container elementor-column-gap-default\">\n\t\t\t\t\t<div class=\"elementor-column elementor-col-100 elementor-top-column elementor-element elementor-element-d36f08e\" data-id=\"d36f08e\" data-element_type=\"column\" data-e-type=\"column\">\n\t\t\t<div class=\"elementor-widget-wrap elementor-element-populated\">\n\t\t\t\t\t\t<div class=\"elementor-element elementor-element-b1da079 elementor-widget elementor-widget-text-editor\" data-id=\"b1da079\" data-element_type=\"widget\" data-e-type=\"widget\" data-widget_type=\"text-editor.default\">\n\t\t\t\t<div class=\"elementor-widget-container\">\n\t\t\t\t\t\t\t\t\t<p><strong>E2 Hallenturnier in Wasserlos:<\/strong><br \/>In einem hochkar\u00e4tig besetzen Turnier lie\u00df unserer TVS die Muskeln spielen und zeigte eine<br \/>hervorragende Leistung. Mit vier Siegen in den Gruppenspielen ging es als Gruppenerster im<br \/>Halbfinale gegen Alzenau. Nach der ungl\u00fccklichen Niederlage rappelten wir uns nochmal auf und<br \/>siegten im kleinen Finale knapp aber verdient und feierten einen sehr guten 3. Platz. Lediglich Viktoria<br \/>Aschaffenburg als Turniersieger und dem zweitplatzierten Bayern Alzenau konnten sich die beiden<br \/>obersten Podestpl\u00e4tze sichern.<br \/><strong>TV Schweinheim<\/strong> \u2013 Feldkahl\/Rottenberg 3:2<br \/><strong>TV Schweinheim<\/strong> \u2013 H\u00f6sbach-Bahnhof 2:1<br \/><strong>TV Schweinheim<\/strong> \u2013 SC Rauenthal 2:0<br \/><strong>TV Schweinheim<\/strong> \u2013 FSV W\u00f6rth 1:0<br \/>Halbfinale:<br \/><strong>TV Schweinheim<\/strong> \u2013 Bayern Alzenau 0:3<br \/>Spiel 3. Platz<br \/><strong>TV Schweinheim<\/strong> \u2013 H\u00f6sbach-Bahnhof 1:0<\/p>\t\t\t\t\t\t\t\t<\/div>\n\t\t\t\t<\/div>\n\t\t\t\t\t<\/div>\n\t\t<\/div>\n\t\t\t\t\t<\/div>\n\t\t<\/section>\n\t\t\t\t<section class=\"elementor-section elementor-top-section elementor-element elementor-element-c29b8a8 elementor-section-boxed elementor-section-height-default elementor-section-height-default\" data-id=\"c29b8a8\" data-element_type=\"section\" data-e-type=\"section\">\n\t\t\t\t\t\t<div class=\"elementor-container elementor-column-gap-default\">\n\t\t\t\t\t<div class=\"elementor-column elementor-col-100 elementor-top-column elementor-element elementor-element-6a9abb3\" data-id=\"6a9abb3\" data-element_type=\"column\" data-e-type=\"column\">\n\t\t\t<div class=\"elementor-widget-wrap elementor-element-populated\">\n\t\t\t\t\t\t<div class=\"elementor-element elementor-element-b4ee523 elementor-widget elementor-widget-image\" data-id=\"b4ee523\" data-element_type=\"widget\" data-e-type=\"widget\" data-widget_type=\"image.default\">\n\t\t\t\t<div class=\"elementor-widget-container\">\n\t\t\t\t\t\t\t\t\t\t\t\t\t\t\t<img decoding=\"async\" width=\"767\" height=\"485\" src=\"https:\/\/www.tv-schweinheim.de\/wp\/wp-content\/uploads\/2023\/01\/E2Wall.jpg\" class=\"attachment-large size-large wp-image-10538\" alt=\"\" srcset=\"https:\/\/www.tv-schweinheim.de\/wp\/wp-content\/uploads\/2023\/01\/E2Wall.jpg 767w, https:\/\/www.tv-schweinheim.de\/wp\/wp-content\/uploads\/2023\/01\/E2Wall-300x190.jpg 300w\" sizes=\"(max-width: 767px) 100vw, 767px\" \/>\t\t\t\t\t\t\t\t\t\t\t\t\t\t\t<\/div>\n\t\t\t\t<\/div>\n\t\t\t\t\t<\/div>\n\t\t<\/div>\n\t\t\t\t\t<\/div>\n\t\t<\/section>\n\t\t\t\t<section class=\"elementor-section elementor-top-section elementor-element elementor-element-96e9028 elementor-section-boxed elementor-section-height-default elementor-section-height-default\" data-id=\"96e9028\" data-element_type=\"section\" data-e-type=\"section\">\n\t\t\t\t\t\t<div class=\"elementor-container elementor-column-gap-default\">\n\t\t\t\t\t<div class=\"elementor-column elementor-col-100 elementor-top-column elementor-element elementor-element-99d3af9\" data-id=\"99d3af9\" data-element_type=\"column\" data-e-type=\"column\">\n\t\t\t<div class=\"elementor-widget-wrap elementor-element-populated\">\n\t\t\t\t\t\t<div class=\"elementor-element elementor-element-156e543 elementor-widget elementor-widget-text-editor\" data-id=\"156e543\" data-element_type=\"widget\" data-e-type=\"widget\" data-widget_type=\"text-editor.default\">\n\t\t\t\t<div class=\"elementor-widget-container\">\n\t\t\t\t\t\t\t\t\t<p><strong>F2 Hallenturnier Gro\u00dfwallstadt 15.01.2022:<\/strong><br \/>Die F2 Jugend erspielte sich einen tollen dritten Platz!<\/p><p>Am Sonntagmorgen ging es f\u00fcr unsere U9\/2 nach Gro\u00dfwallstadt zum Wallstadt Cup. Insgesamt traten acht Teams in zwei Gruppen an. In den drei Vorrundenspielen erreichte man mit einem Unentschieden und zwei Siegen das Halbfinale.<br \/>Man startete mit einem verdienten und ungef\u00e4hrdeten 2:0 Sieg gegen den Gastgeber durch Tore von Thiago im Er\u00f6ffnungsspiel ins Turnier. Im zweiten Gruppenspiel trennte man sich 1:1 Unentschieden gegen die SG Karlstein. Gegen den st\u00e4rksten Gruppengegner machten unsere Jungs so weiter wie im ersten Spiel und gingen nach 4 min verdient durch Marvin mit 1:0 in F\u00fchrung. Mit der F\u00fchrung im R\u00fccken dr\u00e4ngte man auf das 2:0, doch war man dabei zu unvorsichtig und lie\u00df zu viele Chancen aus und man kassierte in den letzte 30 Sekunden ungl\u00fccklich noch den Ausgleich. Im letzten<br \/>Gruppenspiel gegen Wenigumstadt machte man da weiter, wo man vorher aufgeh\u00f6rt hatte, und gewann durch Tore von Selim, Ismail und einen Doppelpack von Nichita verdient mit 4:2. Somit war man als klare Gruppensieger im Halbfinale gegen Olympia Eisenbach. Zu Beginn des Halbfinales<br \/>legten die Jungs vom TVS los wie die Feuerwehr und dr\u00e4ngten den Gegner in seinen eigenen Strafraum erspielten sich Chancen um Chancen aber scheiterten leider am Pfosten oder Torwart des Gegners. Nach einem ungl\u00fccklichen Pfostenschuss wurde man ausgekontert und der Gegner f\u00fchrte 1:0. Der TVS dr\u00e4ngte auf den Ausgleich doch wurde dabei hinten zu offen und leider ein ums andere Male wieder ausgekontert, so dass man sich mit 3:0 am Ende geschlagen geben musste, weil man seine Chancen vorne leider nicht nutzte.<br \/>Somit trat somit im Spiel um Platz 3 gegen die SG Karlstein an. Hier wollten man noch einmal allen zeigen, dass man die Gruppe verdient gewonnen hatte und legte los wie die Feuerwehr. Das fr\u00fche F\u00fchrungstor durch Samuel wurde vom Schiedsrichter nach Protest des Co Trainers von Karlstein<br \/>zur\u00fcckgenommen, was bis auf den Schiedsrichter und diesem Betreuer keiner verstehen wird, da es kein Foulspiel gab und der Ball klar hinter der Torlinie war. Aber auch gegen einen Mann mehr auf dem Platz in Form des Unparteiischen k\u00e4mpfte die mutig aufspielende TVS Truppe an und ging kurze Zeit sp\u00e4ter verdient durch ein sch\u00f6nes Solo von Marvin in F\u00fchrung. Man lie\u00df der SG Karlstein kaum Lift f\u00fcr entlastende Angriffe und vergab leider wieder etwas zu viele frei Chancen, aber am Ende gewann man hochverdient mit 1:0 und sicherte sich den tollen dritten Platz!<\/p>\t\t\t\t\t\t\t\t<\/div>\n\t\t\t\t<\/div>\n\t\t\t\t\t<\/div>\n\t\t<\/div>\n\t\t\t\t\t<\/div>\n\t\t<\/section>\n\t\t\t\t<section class=\"elementor-section elementor-top-section elementor-element elementor-element-9acdd1f elementor-section-boxed elementor-section-height-default elementor-section-height-default\" data-id=\"9acdd1f\" data-element_type=\"section\" data-e-type=\"section\">\n\t\t\t\t\t\t<div class=\"elementor-container elementor-column-gap-default\">\n\t\t\t\t\t<div class=\"elementor-column elementor-col-100 elementor-top-column elementor-element elementor-element-8323b98\" data-id=\"8323b98\" data-element_type=\"column\" data-e-type=\"column\">\n\t\t\t<div class=\"elementor-widget-wrap elementor-element-populated\">\n\t\t\t\t\t\t<div class=\"elementor-element elementor-element-9c40dc1 elementor-widget elementor-widget-image\" data-id=\"9c40dc1\" data-element_type=\"widget\" data-e-type=\"widget\" data-widget_type=\"image.default\">\n\t\t\t\t<div class=\"elementor-widget-container\">\n\t\t\t\t\t\t\t\t\t\t\t\t\t\t\t<img decoding=\"async\" width=\"1024\" height=\"715\" src=\"https:\/\/www.tv-schweinheim.de\/wp\/wp-content\/uploads\/2023\/01\/F2Wall-1024x715.jpg\" class=\"attachment-large size-large wp-image-10539\" alt=\"\" srcset=\"https:\/\/www.tv-schweinheim.de\/wp\/wp-content\/uploads\/2023\/01\/F2Wall-1024x715.jpg 1024w, https:\/\/www.tv-schweinheim.de\/wp\/wp-content\/uploads\/2023\/01\/F2Wall-300x210.jpg 300w, https:\/\/www.tv-schweinheim.de\/wp\/wp-content\/uploads\/2023\/01\/F2Wall-768x537.jpg 768w, https:\/\/www.tv-schweinheim.de\/wp\/wp-content\/uploads\/2023\/01\/F2Wall.jpg 1052w\" sizes=\"(max-width: 1024px) 100vw, 1024px\" \/>\t\t\t\t\t\t\t\t\t\t\t\t\t\t\t<\/div>\n\t\t\t\t<\/div>\n\t\t\t\t\t<\/div>\n\t\t<\/div>\n\t\t\t\t\t<\/div>\n\t\t<\/section>\n\t\t\t\t<section class=\"elementor-section elementor-top-section elementor-element elementor-element-303de50 elementor-section-boxed elementor-section-height-default elementor-section-height-default\" data-id=\"303de50\" data-element_type=\"section\" data-e-type=\"section\">\n\t\t\t\t\t\t<div class=\"elementor-container elementor-column-gap-default\">\n\t\t\t\t\t<div class=\"elementor-column elementor-col-100 elementor-top-column elementor-element elementor-element-d7a6977\" data-id=\"d7a6977\" data-element_type=\"column\" data-e-type=\"column\">\n\t\t\t<div class=\"elementor-widget-wrap elementor-element-populated\">\n\t\t\t\t\t\t<div class=\"elementor-element elementor-element-175d09e elementor-widget elementor-widget-text-editor\" data-id=\"175d09e\" data-element_type=\"widget\" data-e-type=\"widget\" data-widget_type=\"text-editor.default\">\n\t\t\t\t<div class=\"elementor-widget-container\">\n\t\t\t\t\t\t\t\t\t<p>F\u00fcr den TVS spielten: Samuel Macht, Selim Kocabey, Ben B\u00fcttner, Kamui Nguyen, Nichita Bulgaru, Ismail Der, Thiago Andres Arias Cardenas, Leo Rickert, Bruno Stritzinger, Marvin Richartz und David M\u00fcller.<br \/><strong>Verst\u00e4rkungen erw\u00fcnscht!<\/strong><br \/>Die Fu\u00dfballjugend vom TVS freut sich \u00fcber Zuwachs, von Kindern die Lust auf Fu\u00dfball und Teamgeist haben. Speziell in den Jahrg\u00e4ngen 2015, 2014 und 2013 wird Verst\u00e4rkung gebraucht, egal ob Anf\u00e4nger oder schon Erfahrung. Ganz gezielt wird f\u00fcr den 2013er Jahrgang auch noch ein Torwart<br \/>gesucht, gerne aber auch Nachwuchskicker\/innen f\u00fcr alle anderen Jahrg\u00e4nge. wenn sich jemand angesprochen f\u00fchlt, dann gerne unter folgender Emailadresse melden: fussball-jugend@tv-schweinheim.de<br \/>Bericht ML &amp; AM<\/p>\t\t\t\t\t\t\t\t<\/div>\n\t\t\t\t<\/div>\n\t\t\t\t\t<\/div>\n\t\t<\/div>\n\t\t\t\t\t<\/div>\n\t\t<\/section>\n\t\t\t\t<\/div>\n\t\t","protected":false},"excerpt":{"rendered":"<p>E1 Hallenturnier in Stockstadt:Am Samstag, den 14.01.23 trat der TV Schweinheim beim Hallenturnier in Stockstadt an. Gespieltwurde in drei vierer Gruppen, wobei die beiden Gruppenersten die Zwischenrunde erreichten. DemTVS gelang es ungeschlagen, als Gruppenzweiter im Turnier zu bleiben.Im Halbfinale agierten wir leider etwas zu ungl\u00fccklich und nutzen unsere herausgespielten Chancennicht. Am Ende stand ein sehr&hellip;&nbsp;<a href=\"https:\/\/www.tv-schweinheim.de\/wp\/2023\/01\/24\/tv-1885-schweinheim-die-schwoijer-kw-2\/\" rel=\"bookmark\">Mehr lesen &raquo;<span class=\"screen-reader-text\">TV 1885 Schweinheim \u2013 DIE SCHWOIJER KW 2<\/span><\/a><\/p>\n","protected":false},"author":5,"featured_media":10539,"comment_status":"closed","ping_status":"open","sticky":false,"template":"","format":"standard","meta":{"_acf_changed":false,"neve_meta_sidebar":"","neve_meta_container":"","neve_meta_enable_content_width":"","neve_meta_content_width":0,"neve_meta_title_alignment":"","neve_meta_author_avatar":"","neve_post_elements_order":"","neve_meta_disable_header":"","neve_meta_disable_footer":"","neve_meta_disable_title":"","neve_meta_reading_time":"","footnotes":""},"categories":[109,1],"tags":[],"class_list":["post-10536","post","type-post","status-publish","format-standard","has-post-thumbnail","hentry","category-fussballjugend","category-vereinsnachrichten"],"acf":[],"yoast_head":"<!-- This site is optimized with the Yoast SEO plugin v27.4 - https:\/\/yoast.com\/product\/yoast-seo-wordpress\/ -->\n<title>TV 1885 Schweinheim \u2013 DIE SCHWOIJER KW 2 - Turnverein Schweinheim<\/title>\n<meta name=\"robots\" content=\"index, follow, max-snippet:-1, max-image-preview:large, max-video-preview:-1\" \/>\n<link rel=\"canonical\" href=\"https:\/\/www.tv-schweinheim.de\/wp\/2023\/01\/24\/tv-1885-schweinheim-die-schwoijer-kw-2\/\" \/>\n<meta property=\"og:locale\" content=\"de_DE\" \/>\n<meta property=\"og:type\" content=\"article\" \/>\n<meta property=\"og:title\" content=\"TV 1885 Schweinheim \u2013 DIE SCHWOIJER KW 2 - Turnverein Schweinheim\" \/>\n<meta property=\"og:description\" content=\"E1 Hallenturnier in Stockstadt:Am Samstag, den 14.01.23 trat der TV Schweinheim beim Hallenturnier in Stockstadt an. Gespieltwurde in drei vierer Gruppen, wobei die beiden Gruppenersten die Zwischenrunde erreichten. DemTVS gelang es ungeschlagen, als Gruppenzweiter im Turnier zu bleiben.Im Halbfinale agierten wir leider etwas zu ungl\u00fccklich und nutzen unsere herausgespielten Chancennicht. Am Ende stand ein sehr&hellip;&nbsp;Mehr lesen &raquo;TV 1885 Schweinheim \u2013 DIE SCHWOIJER KW 2\" \/>\n<meta property=\"og:url\" content=\"https:\/\/www.tv-schweinheim.de\/wp\/2023\/01\/24\/tv-1885-schweinheim-die-schwoijer-kw-2\/\" \/>\n<meta property=\"og:site_name\" content=\"Turnverein Schweinheim\" \/>\n<meta property=\"article:publisher\" content=\"https:\/\/www.facebook.com\/turnvereinschweinheim\/\" \/>\n<meta property=\"article:published_time\" content=\"2023-01-24T20:30:38+00:00\" \/>\n<meta property=\"article:modified_time\" content=\"2023-01-24T20:40:35+00:00\" \/>\n<meta property=\"og:image\" content=\"https:\/\/www.tv-schweinheim.de\/wp\/wp-content\/uploads\/2023\/01\/F2Wall.jpg\" \/>\n\t<meta property=\"og:image:width\" content=\"1052\" \/>\n\t<meta property=\"og:image:height\" content=\"735\" \/>\n\t<meta property=\"og:image:type\" content=\"image\/jpeg\" \/>\n<meta name=\"author\" content=\"Nina Mattmer\" \/>\n<meta name=\"twitter:card\" content=\"summary_large_image\" \/>\n<meta name=\"twitter:label1\" content=\"Verfasst von\" \/>\n\t<meta name=\"twitter:data1\" content=\"Nina Mattmer\" \/>\n\t<meta name=\"twitter:label2\" content=\"Gesch\u00e4tzte Lesezeit\" \/>\n\t<meta name=\"twitter:data2\" content=\"5\u00a0Minuten\" \/>\n<script type=\"application\/ld+json\" class=\"yoast-schema-graph\">{\"@context\":\"https:\\\/\\\/schema.org\",\"@graph\":[{\"@type\":\"Article\",\"@id\":\"https:\\\/\\\/www.tv-schweinheim.de\\\/wp\\\/2023\\\/01\\\/24\\\/tv-1885-schweinheim-die-schwoijer-kw-2\\\/#article\",\"isPartOf\":{\"@id\":\"https:\\\/\\\/www.tv-schweinheim.de\\\/wp\\\/2023\\\/01\\\/24\\\/tv-1885-schweinheim-die-schwoijer-kw-2\\\/\"},\"author\":{\"name\":\"Nina Mattmer\",\"@id\":\"https:\\\/\\\/www.tv-schweinheim.de\\\/wp\\\/#\\\/schema\\\/person\\\/879b7e374883e1fbc9d48df1e8eb1560\"},\"headline\":\"TV 1885 Schweinheim \u2013 DIE SCHWOIJER KW 2\",\"datePublished\":\"2023-01-24T20:30:38+00:00\",\"dateModified\":\"2023-01-24T20:40:35+00:00\",\"mainEntityOfPage\":{\"@id\":\"https:\\\/\\\/www.tv-schweinheim.de\\\/wp\\\/2023\\\/01\\\/24\\\/tv-1885-schweinheim-die-schwoijer-kw-2\\\/\"},\"wordCount\":752,\"publisher\":{\"@id\":\"https:\\\/\\\/www.tv-schweinheim.de\\\/wp\\\/#organization\"},\"image\":{\"@id\":\"https:\\\/\\\/www.tv-schweinheim.de\\\/wp\\\/2023\\\/01\\\/24\\\/tv-1885-schweinheim-die-schwoijer-kw-2\\\/#primaryimage\"},\"thumbnailUrl\":\"https:\\\/\\\/www.tv-schweinheim.de\\\/wp\\\/wp-content\\\/uploads\\\/2023\\\/01\\\/F2Wall.jpg\",\"articleSection\":[\"Fu\u00dfballjugend\",\"Vereinsnachrichten\"],\"inLanguage\":\"de\"},{\"@type\":\"WebPage\",\"@id\":\"https:\\\/\\\/www.tv-schweinheim.de\\\/wp\\\/2023\\\/01\\\/24\\\/tv-1885-schweinheim-die-schwoijer-kw-2\\\/\",\"url\":\"https:\\\/\\\/www.tv-schweinheim.de\\\/wp\\\/2023\\\/01\\\/24\\\/tv-1885-schweinheim-die-schwoijer-kw-2\\\/\",\"name\":\"TV 1885 Schweinheim \u2013 DIE SCHWOIJER KW 2 - Turnverein Schweinheim\",\"isPartOf\":{\"@id\":\"https:\\\/\\\/www.tv-schweinheim.de\\\/wp\\\/#website\"},\"primaryImageOfPage\":{\"@id\":\"https:\\\/\\\/www.tv-schweinheim.de\\\/wp\\\/2023\\\/01\\\/24\\\/tv-1885-schweinheim-die-schwoijer-kw-2\\\/#primaryimage\"},\"image\":{\"@id\":\"https:\\\/\\\/www.tv-schweinheim.de\\\/wp\\\/2023\\\/01\\\/24\\\/tv-1885-schweinheim-die-schwoijer-kw-2\\\/#primaryimage\"},\"thumbnailUrl\":\"https:\\\/\\\/www.tv-schweinheim.de\\\/wp\\\/wp-content\\\/uploads\\\/2023\\\/01\\\/F2Wall.jpg\",\"datePublished\":\"2023-01-24T20:30:38+00:00\",\"dateModified\":\"2023-01-24T20:40:35+00:00\",\"breadcrumb\":{\"@id\":\"https:\\\/\\\/www.tv-schweinheim.de\\\/wp\\\/2023\\\/01\\\/24\\\/tv-1885-schweinheim-die-schwoijer-kw-2\\\/#breadcrumb\"},\"inLanguage\":\"de\",\"potentialAction\":[{\"@type\":\"ReadAction\",\"target\":[\"https:\\\/\\\/www.tv-schweinheim.de\\\/wp\\\/2023\\\/01\\\/24\\\/tv-1885-schweinheim-die-schwoijer-kw-2\\\/\"]}]},{\"@type\":\"ImageObject\",\"inLanguage\":\"de\",\"@id\":\"https:\\\/\\\/www.tv-schweinheim.de\\\/wp\\\/2023\\\/01\\\/24\\\/tv-1885-schweinheim-die-schwoijer-kw-2\\\/#primaryimage\",\"url\":\"https:\\\/\\\/www.tv-schweinheim.de\\\/wp\\\/wp-content\\\/uploads\\\/2023\\\/01\\\/F2Wall.jpg\",\"contentUrl\":\"https:\\\/\\\/www.tv-schweinheim.de\\\/wp\\\/wp-content\\\/uploads\\\/2023\\\/01\\\/F2Wall.jpg\",\"width\":1052,\"height\":735},{\"@type\":\"BreadcrumbList\",\"@id\":\"https:\\\/\\\/www.tv-schweinheim.de\\\/wp\\\/2023\\\/01\\\/24\\\/tv-1885-schweinheim-die-schwoijer-kw-2\\\/#breadcrumb\",\"itemListElement\":[{\"@type\":\"ListItem\",\"position\":1,\"name\":\"Startseite\",\"item\":\"https:\\\/\\\/www.tv-schweinheim.de\\\/wp\\\/\"},{\"@type\":\"ListItem\",\"position\":2,\"name\":\"TV 1885 Schweinheim \u2013 DIE SCHWOIJER KW 2\"}]},{\"@type\":\"WebSite\",\"@id\":\"https:\\\/\\\/www.tv-schweinheim.de\\\/wp\\\/#website\",\"url\":\"https:\\\/\\\/www.tv-schweinheim.de\\\/wp\\\/\",\"name\":\"Turnverein Schweinheim\",\"description\":\"1885 e.V.\",\"publisher\":{\"@id\":\"https:\\\/\\\/www.tv-schweinheim.de\\\/wp\\\/#organization\"},\"potentialAction\":[{\"@type\":\"SearchAction\",\"target\":{\"@type\":\"EntryPoint\",\"urlTemplate\":\"https:\\\/\\\/www.tv-schweinheim.de\\\/wp\\\/?s={search_term_string}\"},\"query-input\":{\"@type\":\"PropertyValueSpecification\",\"valueRequired\":true,\"valueName\":\"search_term_string\"}}],\"inLanguage\":\"de\"},{\"@type\":\"Organization\",\"@id\":\"https:\\\/\\\/www.tv-schweinheim.de\\\/wp\\\/#organization\",\"name\":\"TV Schweinheim\",\"url\":\"https:\\\/\\\/www.tv-schweinheim.de\\\/wp\\\/\",\"logo\":{\"@type\":\"ImageObject\",\"inLanguage\":\"de\",\"@id\":\"https:\\\/\\\/www.tv-schweinheim.de\\\/wp\\\/#\\\/schema\\\/logo\\\/image\\\/\",\"url\":\"https:\\\/\\\/www.tv-schweinheim.de\\\/wp\\\/wp-content\\\/uploads\\\/2020\\\/06\\\/logo.png\",\"contentUrl\":\"https:\\\/\\\/www.tv-schweinheim.de\\\/wp\\\/wp-content\\\/uploads\\\/2020\\\/06\\\/logo.png\",\"width\":152,\"height\":146,\"caption\":\"TV Schweinheim\"},\"image\":{\"@id\":\"https:\\\/\\\/www.tv-schweinheim.de\\\/wp\\\/#\\\/schema\\\/logo\\\/image\\\/\"},\"sameAs\":[\"https:\\\/\\\/www.facebook.com\\\/turnvereinschweinheim\\\/\",\"https:\\\/\\\/www.instagram.com\\\/tv_schweinheim\\\/\"]},{\"@type\":\"Person\",\"@id\":\"https:\\\/\\\/www.tv-schweinheim.de\\\/wp\\\/#\\\/schema\\\/person\\\/879b7e374883e1fbc9d48df1e8eb1560\",\"name\":\"Nina Mattmer\",\"image\":{\"@type\":\"ImageObject\",\"inLanguage\":\"de\",\"@id\":\"https:\\\/\\\/secure.gravatar.com\\\/avatar\\\/82b4486c6750729486017f6e90a7f5ceb3fefad2bc6747408dabb218e2aaa040?s=96&d=mm&r=g\",\"url\":\"https:\\\/\\\/secure.gravatar.com\\\/avatar\\\/82b4486c6750729486017f6e90a7f5ceb3fefad2bc6747408dabb218e2aaa040?s=96&d=mm&r=g\",\"contentUrl\":\"https:\\\/\\\/secure.gravatar.com\\\/avatar\\\/82b4486c6750729486017f6e90a7f5ceb3fefad2bc6747408dabb218e2aaa040?s=96&d=mm&r=g\",\"caption\":\"Nina Mattmer\"},\"url\":\"https:\\\/\\\/www.tv-schweinheim.de\\\/wp\\\/author\\\/nina\\\/\"}]}<\/script>\n<!-- \/ Yoast SEO plugin. -->","yoast_head_json":{"title":"TV 1885 Schweinheim \u2013 DIE SCHWOIJER KW 2 - Turnverein Schweinheim","robots":{"index":"index","follow":"follow","max-snippet":"max-snippet:-1","max-image-preview":"max-image-preview:large","max-video-preview":"max-video-preview:-1"},"canonical":"https:\/\/www.tv-schweinheim.de\/wp\/2023\/01\/24\/tv-1885-schweinheim-die-schwoijer-kw-2\/","og_locale":"de_DE","og_type":"article","og_title":"TV 1885 Schweinheim \u2013 DIE SCHWOIJER KW 2 - Turnverein Schweinheim","og_description":"E1 Hallenturnier in Stockstadt:Am Samstag, den 14.01.23 trat der TV Schweinheim beim Hallenturnier in Stockstadt an. Gespieltwurde in drei vierer Gruppen, wobei die beiden Gruppenersten die Zwischenrunde erreichten. DemTVS gelang es ungeschlagen, als Gruppenzweiter im Turnier zu bleiben.Im Halbfinale agierten wir leider etwas zu ungl\u00fccklich und nutzen unsere herausgespielten Chancennicht. Am Ende stand ein sehr&hellip;&nbsp;Mehr lesen &raquo;TV 1885 Schweinheim \u2013 DIE SCHWOIJER KW 2","og_url":"https:\/\/www.tv-schweinheim.de\/wp\/2023\/01\/24\/tv-1885-schweinheim-die-schwoijer-kw-2\/","og_site_name":"Turnverein Schweinheim","article_publisher":"https:\/\/www.facebook.com\/turnvereinschweinheim\/","article_published_time":"2023-01-24T20:30:38+00:00","article_modified_time":"2023-01-24T20:40:35+00:00","og_image":[{"width":1052,"height":735,"url":"https:\/\/www.tv-schweinheim.de\/wp\/wp-content\/uploads\/2023\/01\/F2Wall.jpg","type":"image\/jpeg"}],"author":"Nina Mattmer","twitter_card":"summary_large_image","twitter_misc":{"Verfasst von":"Nina Mattmer","Gesch\u00e4tzte Lesezeit":"5\u00a0Minuten"},"schema":{"@context":"https:\/\/schema.org","@graph":[{"@type":"Article","@id":"https:\/\/www.tv-schweinheim.de\/wp\/2023\/01\/24\/tv-1885-schweinheim-die-schwoijer-kw-2\/#article","isPartOf":{"@id":"https:\/\/www.tv-schweinheim.de\/wp\/2023\/01\/24\/tv-1885-schweinheim-die-schwoijer-kw-2\/"},"author":{"name":"Nina Mattmer","@id":"https:\/\/www.tv-schweinheim.de\/wp\/#\/schema\/person\/879b7e374883e1fbc9d48df1e8eb1560"},"headline":"TV 1885 Schweinheim \u2013 DIE SCHWOIJER KW 2","datePublished":"2023-01-24T20:30:38+00:00","dateModified":"2023-01-24T20:40:35+00:00","mainEntityOfPage":{"@id":"https:\/\/www.tv-schweinheim.de\/wp\/2023\/01\/24\/tv-1885-schweinheim-die-schwoijer-kw-2\/"},"wordCount":752,"publisher":{"@id":"https:\/\/www.tv-schweinheim.de\/wp\/#organization"},"image":{"@id":"https:\/\/www.tv-schweinheim.de\/wp\/2023\/01\/24\/tv-1885-schweinheim-die-schwoijer-kw-2\/#primaryimage"},"thumbnailUrl":"https:\/\/www.tv-schweinheim.de\/wp\/wp-content\/uploads\/2023\/01\/F2Wall.jpg","articleSection":["Fu\u00dfballjugend","Vereinsnachrichten"],"inLanguage":"de"},{"@type":"WebPage","@id":"https:\/\/www.tv-schweinheim.de\/wp\/2023\/01\/24\/tv-1885-schweinheim-die-schwoijer-kw-2\/","url":"https:\/\/www.tv-schweinheim.de\/wp\/2023\/01\/24\/tv-1885-schweinheim-die-schwoijer-kw-2\/","name":"TV 1885 Schweinheim \u2013 DIE SCHWOIJER KW 2 - Turnverein Schweinheim","isPartOf":{"@id":"https:\/\/www.tv-schweinheim.de\/wp\/#website"},"primaryImageOfPage":{"@id":"https:\/\/www.tv-schweinheim.de\/wp\/2023\/01\/24\/tv-1885-schweinheim-die-schwoijer-kw-2\/#primaryimage"},"image":{"@id":"https:\/\/www.tv-schweinheim.de\/wp\/2023\/01\/24\/tv-1885-schweinheim-die-schwoijer-kw-2\/#primaryimage"},"thumbnailUrl":"https:\/\/www.tv-schweinheim.de\/wp\/wp-content\/uploads\/2023\/01\/F2Wall.jpg","datePublished":"2023-01-24T20:30:38+00:00","dateModified":"2023-01-24T20:40:35+00:00","breadcrumb":{"@id":"https:\/\/www.tv-schweinheim.de\/wp\/2023\/01\/24\/tv-1885-schweinheim-die-schwoijer-kw-2\/#breadcrumb"},"inLanguage":"de","potentialAction":[{"@type":"ReadAction","target":["https:\/\/www.tv-schweinheim.de\/wp\/2023\/01\/24\/tv-1885-schweinheim-die-schwoijer-kw-2\/"]}]},{"@type":"ImageObject","inLanguage":"de","@id":"https:\/\/www.tv-schweinheim.de\/wp\/2023\/01\/24\/tv-1885-schweinheim-die-schwoijer-kw-2\/#primaryimage","url":"https:\/\/www.tv-schweinheim.de\/wp\/wp-content\/uploads\/2023\/01\/F2Wall.jpg","contentUrl":"https:\/\/www.tv-schweinheim.de\/wp\/wp-content\/uploads\/2023\/01\/F2Wall.jpg","width":1052,"height":735},{"@type":"BreadcrumbList","@id":"https:\/\/www.tv-schweinheim.de\/wp\/2023\/01\/24\/tv-1885-schweinheim-die-schwoijer-kw-2\/#breadcrumb","itemListElement":[{"@type":"ListItem","position":1,"name":"Startseite","item":"https:\/\/www.tv-schweinheim.de\/wp\/"},{"@type":"ListItem","position":2,"name":"TV 1885 Schweinheim \u2013 DIE SCHWOIJER KW 2"}]},{"@type":"WebSite","@id":"https:\/\/www.tv-schweinheim.de\/wp\/#website","url":"https:\/\/www.tv-schweinheim.de\/wp\/","name":"Turnverein Schweinheim","description":"1885 e.V.","publisher":{"@id":"https:\/\/www.tv-schweinheim.de\/wp\/#organization"},"potentialAction":[{"@type":"SearchAction","target":{"@type":"EntryPoint","urlTemplate":"https:\/\/www.tv-schweinheim.de\/wp\/?s={search_term_string}"},"query-input":{"@type":"PropertyValueSpecification","valueRequired":true,"valueName":"search_term_string"}}],"inLanguage":"de"},{"@type":"Organization","@id":"https:\/\/www.tv-schweinheim.de\/wp\/#organization","name":"TV Schweinheim","url":"https:\/\/www.tv-schweinheim.de\/wp\/","logo":{"@type":"ImageObject","inLanguage":"de","@id":"https:\/\/www.tv-schweinheim.de\/wp\/#\/schema\/logo\/image\/","url":"https:\/\/www.tv-schweinheim.de\/wp\/wp-content\/uploads\/2020\/06\/logo.png","contentUrl":"https:\/\/www.tv-schweinheim.de\/wp\/wp-content\/uploads\/2020\/06\/logo.png","width":152,"height":146,"caption":"TV Schweinheim"},"image":{"@id":"https:\/\/www.tv-schweinheim.de\/wp\/#\/schema\/logo\/image\/"},"sameAs":["https:\/\/www.facebook.com\/turnvereinschweinheim\/","https:\/\/www.instagram.com\/tv_schweinheim\/"]},{"@type":"Person","@id":"https:\/\/www.tv-schweinheim.de\/wp\/#\/schema\/person\/879b7e374883e1fbc9d48df1e8eb1560","name":"Nina Mattmer","image":{"@type":"ImageObject","inLanguage":"de","@id":"https:\/\/secure.gravatar.com\/avatar\/82b4486c6750729486017f6e90a7f5ceb3fefad2bc6747408dabb218e2aaa040?s=96&d=mm&r=g","url":"https:\/\/secure.gravatar.com\/avatar\/82b4486c6750729486017f6e90a7f5ceb3fefad2bc6747408dabb218e2aaa040?s=96&d=mm&r=g","contentUrl":"https:\/\/secure.gravatar.com\/avatar\/82b4486c6750729486017f6e90a7f5ceb3fefad2bc6747408dabb218e2aaa040?s=96&d=mm&r=g","caption":"Nina Mattmer"},"url":"https:\/\/www.tv-schweinheim.de\/wp\/author\/nina\/"}]}},"_links":{"self":[{"href":"https:\/\/www.tv-schweinheim.de\/wp\/wp-json\/wp\/v2\/posts\/10536","targetHints":{"allow":["GET"]}}],"collection":[{"href":"https:\/\/www.tv-schweinheim.de\/wp\/wp-json\/wp\/v2\/posts"}],"about":[{"href":"https:\/\/www.tv-schweinheim.de\/wp\/wp-json\/wp\/v2\/types\/post"}],"author":[{"embeddable":true,"href":"https:\/\/www.tv-schweinheim.de\/wp\/wp-json\/wp\/v2\/users\/5"}],"replies":[{"embeddable":true,"href":"https:\/\/www.tv-schweinheim.de\/wp\/wp-json\/wp\/v2\/comments?post=10536"}],"version-history":[{"count":5,"href":"https:\/\/www.tv-schweinheim.de\/wp\/wp-json\/wp\/v2\/posts\/10536\/revisions"}],"predecessor-version":[{"id":10545,"href":"https:\/\/www.tv-schweinheim.de\/wp\/wp-json\/wp\/v2\/posts\/10536\/revisions\/10545"}],"wp:featuredmedia":[{"embeddable":true,"href":"https:\/\/www.tv-schweinheim.de\/wp\/wp-json\/wp\/v2\/media\/10539"}],"wp:attachment":[{"href":"https:\/\/www.tv-schweinheim.de\/wp\/wp-json\/wp\/v2\/media?parent=10536"}],"wp:term":[{"taxonomy":"category","embeddable":true,"href":"https:\/\/www.tv-schweinheim.de\/wp\/wp-json\/wp\/v2\/categories?post=10536"},{"taxonomy":"post_tag","embeddable":true,"href":"https:\/\/www.tv-schweinheim.de\/wp\/wp-json\/wp\/v2\/tags?post=10536"}],"curies":[{"name":"wp","href":"https:\/\/api.w.org\/{rel}","templated":true}]}}