{"id":10629,"date":"2023-01-30T19:36:43","date_gmt":"2023-01-30T17:36:43","guid":{"rendered":"https:\/\/www.tv-schweinheim.de\/wp\/?p=10629"},"modified":"2023-01-30T19:38:08","modified_gmt":"2023-01-30T17:38:08","slug":"suewag-cup-u7-2023","status":"publish","type":"post","link":"https:\/\/www.tv-schweinheim.de\/wp\/2023\/01\/30\/suewag-cup-u7-2023\/","title":{"rendered":"S\u00fcwag Cup U7- 2023"},"content":{"rendered":"\t\t<div data-elementor-type=\"wp-post\" data-elementor-id=\"10629\" class=\"elementor elementor-10629\">\n\t\t\t\t\t\t<section class=\"elementor-section elementor-top-section elementor-element elementor-element-7cc202d elementor-section-boxed elementor-section-height-default elementor-section-height-default\" data-id=\"7cc202d\" data-element_type=\"section\" data-e-type=\"section\">\n\t\t\t\t\t\t<div class=\"elementor-container elementor-column-gap-default\">\n\t\t\t\t\t<div class=\"elementor-column elementor-col-100 elementor-top-column elementor-element elementor-element-cdd1c7e\" data-id=\"cdd1c7e\" data-element_type=\"column\" data-e-type=\"column\">\n\t\t\t<div class=\"elementor-widget-wrap elementor-element-populated\">\n\t\t\t\t\t\t<div class=\"elementor-element elementor-element-98cec9d elementor-widget elementor-widget-text-editor\" data-id=\"98cec9d\" data-element_type=\"widget\" data-e-type=\"widget\" data-widget_type=\"text-editor.default\">\n\t\t\t\t<div class=\"elementor-widget-container\">\n\t\t\t\t\t\t\t\t\t<p>Unsere U7 Mannschaft begann dieses Jahr mit ihrem ersten Hallenturnier in Mainaschaff,<br \/>dem S\u00fcwag Cup 2023 und kn\u00fcpfte direkt an die Leistungen des Vorjahres an. Die<br \/>Gruppenphase verlief sehr gut. Sie gewannen zwei von drei Spielen und spielten das dritte<br \/>Spiel Unentschieden. Leider war unsere Mannschaft in der Tabelle identisch mit H\u00f6rstein<br \/>und musste somit f\u00fcr den Einzug in das Finale, ein Stechen durch Elfmeterschie\u00dfen<br \/>absolvieren. Dieses verloren sie leider mit viel Pech und spielten somit um Platz drei. Das<br \/>kleine Finale dominierten unsere Jungs aber von Anfang an und lie\u00dfen Bayern Alzenau<br \/>keine Chance. Somit beendete unsere U7 Mannschaft das Turnier mit einem sehr guten<br \/>dritten Platz.<br \/><strong>TVS vs. Mainaschaff 7:0<\/strong><br \/>Tore: Marvin Richartz 3, Thiago Andres Arias Cardenas 2, Elias Br\u00fchler, Emil Macek<br \/><strong>TVS vs. DJK Hain 1:0<\/strong><br \/>Tor: Ismail Der<br \/><strong>TVS vs. H\u00f6rstein 0:0<\/strong><br \/><strong>TVS vs. Bayern Alzenau 2:0<\/strong><br \/>Tore: Marvin Richartz, Ismail Der<\/p>\t\t\t\t\t\t\t\t<\/div>\n\t\t\t\t<\/div>\n\t\t\t\t\t<\/div>\n\t\t<\/div>\n\t\t\t\t\t<\/div>\n\t\t<\/section>\n\t\t\t\t<\/div>\n\t\t","protected":false},"excerpt":{"rendered":"<p>Unsere U7 Mannschaft begann dieses Jahr mit ihrem ersten Hallenturnier in Mainaschaff,dem S\u00fcwag Cup 2023 und kn\u00fcpfte direkt an die Leistungen des Vorjahres an. DieGruppenphase verlief sehr gut. Sie gewannen zwei von drei Spielen und spielten das dritteSpiel Unentschieden. Leider war unsere Mannschaft in der Tabelle identisch mit H\u00f6rsteinund musste somit f\u00fcr den Einzug in&hellip;&nbsp;<a href=\"https:\/\/www.tv-schweinheim.de\/wp\/2023\/01\/30\/suewag-cup-u7-2023\/\" rel=\"bookmark\">Mehr lesen &raquo;<span class=\"screen-reader-text\">S\u00fcwag Cup U7- 2023<\/span><\/a><\/p>\n","protected":false},"author":5,"featured_media":10630,"comment_status":"closed","ping_status":"open","sticky":false,"template":"","format":"standard","meta":{"_acf_changed":false,"neve_meta_sidebar":"","neve_meta_container":"","neve_meta_enable_content_width":"","neve_meta_content_width":0,"neve_meta_title_alignment":"","neve_meta_author_avatar":"","neve_post_elements_order":"","neve_meta_disable_header":"","neve_meta_disable_footer":"","neve_meta_disable_title":"","neve_meta_reading_time":"","footnotes":""},"categories":[109,1],"tags":[],"class_list":["post-10629","post","type-post","status-publish","format-standard","has-post-thumbnail","hentry","category-fussballjugend","category-vereinsnachrichten"],"acf":[],"yoast_head":"<!-- This site is optimized with the Yoast SEO plugin v27.4 - https:\/\/yoast.com\/product\/yoast-seo-wordpress\/ -->\n<title>S\u00fcwag Cup U7- 2023 - Turnverein Schweinheim<\/title>\n<meta name=\"robots\" content=\"index, follow, max-snippet:-1, max-image-preview:large, max-video-preview:-1\" \/>\n<link rel=\"canonical\" href=\"https:\/\/www.tv-schweinheim.de\/wp\/2023\/01\/30\/suewag-cup-u7-2023\/\" \/>\n<meta property=\"og:locale\" content=\"de_DE\" \/>\n<meta property=\"og:type\" content=\"article\" \/>\n<meta property=\"og:title\" content=\"S\u00fcwag Cup U7- 2023 - Turnverein Schweinheim\" \/>\n<meta property=\"og:description\" content=\"Unsere U7 Mannschaft begann dieses Jahr mit ihrem ersten Hallenturnier in Mainaschaff,dem S\u00fcwag Cup 2023 und kn\u00fcpfte direkt an die Leistungen des Vorjahres an. DieGruppenphase verlief sehr gut. Sie gewannen zwei von drei Spielen und spielten das dritteSpiel Unentschieden. Leider war unsere Mannschaft in der Tabelle identisch mit H\u00f6rsteinund musste somit f\u00fcr den Einzug in&hellip;&nbsp;Mehr lesen &raquo;S\u00fcwag Cup U7- 2023\" \/>\n<meta property=\"og:url\" content=\"https:\/\/www.tv-schweinheim.de\/wp\/2023\/01\/30\/suewag-cup-u7-2023\/\" \/>\n<meta property=\"og:site_name\" content=\"Turnverein Schweinheim\" \/>\n<meta property=\"article:publisher\" content=\"https:\/\/www.facebook.com\/turnvereinschweinheim\/\" \/>\n<meta property=\"article:published_time\" content=\"2023-01-30T17:36:43+00:00\" \/>\n<meta property=\"article:modified_time\" content=\"2023-01-30T17:38:08+00:00\" \/>\n<meta property=\"og:image\" content=\"https:\/\/www.tv-schweinheim.de\/wp\/wp-content\/uploads\/2023\/01\/SuewG.jpg\" \/>\n\t<meta property=\"og:image:width\" content=\"1590\" \/>\n\t<meta property=\"og:image:height\" content=\"1157\" \/>\n\t<meta property=\"og:image:type\" content=\"image\/jpeg\" \/>\n<meta name=\"author\" content=\"Nina Mattmer\" \/>\n<meta name=\"twitter:card\" content=\"summary_large_image\" \/>\n<meta name=\"twitter:label1\" content=\"Verfasst von\" \/>\n\t<meta name=\"twitter:data1\" content=\"Nina Mattmer\" \/>\n\t<meta name=\"twitter:label2\" content=\"Gesch\u00e4tzte Lesezeit\" \/>\n\t<meta name=\"twitter:data2\" content=\"1\u00a0Minute\" \/>\n<script type=\"application\/ld+json\" class=\"yoast-schema-graph\">{\"@context\":\"https:\\\/\\\/schema.org\",\"@graph\":[{\"@type\":\"Article\",\"@id\":\"https:\\\/\\\/www.tv-schweinheim.de\\\/wp\\\/2023\\\/01\\\/30\\\/suewag-cup-u7-2023\\\/#article\",\"isPartOf\":{\"@id\":\"https:\\\/\\\/www.tv-schweinheim.de\\\/wp\\\/2023\\\/01\\\/30\\\/suewag-cup-u7-2023\\\/\"},\"author\":{\"name\":\"Nina Mattmer\",\"@id\":\"https:\\\/\\\/www.tv-schweinheim.de\\\/wp\\\/#\\\/schema\\\/person\\\/879b7e374883e1fbc9d48df1e8eb1560\"},\"headline\":\"S\u00fcwag Cup U7- 2023\",\"datePublished\":\"2023-01-30T17:36:43+00:00\",\"dateModified\":\"2023-01-30T17:38:08+00:00\",\"mainEntityOfPage\":{\"@id\":\"https:\\\/\\\/www.tv-schweinheim.de\\\/wp\\\/2023\\\/01\\\/30\\\/suewag-cup-u7-2023\\\/\"},\"wordCount\":146,\"publisher\":{\"@id\":\"https:\\\/\\\/www.tv-schweinheim.de\\\/wp\\\/#organization\"},\"image\":{\"@id\":\"https:\\\/\\\/www.tv-schweinheim.de\\\/wp\\\/2023\\\/01\\\/30\\\/suewag-cup-u7-2023\\\/#primaryimage\"},\"thumbnailUrl\":\"https:\\\/\\\/www.tv-schweinheim.de\\\/wp\\\/wp-content\\\/uploads\\\/2023\\\/01\\\/SuewG.jpg\",\"articleSection\":[\"Fu\u00dfballjugend\",\"Vereinsnachrichten\"],\"inLanguage\":\"de\"},{\"@type\":\"WebPage\",\"@id\":\"https:\\\/\\\/www.tv-schweinheim.de\\\/wp\\\/2023\\\/01\\\/30\\\/suewag-cup-u7-2023\\\/\",\"url\":\"https:\\\/\\\/www.tv-schweinheim.de\\\/wp\\\/2023\\\/01\\\/30\\\/suewag-cup-u7-2023\\\/\",\"name\":\"S\u00fcwag Cup U7- 2023 - Turnverein Schweinheim\",\"isPartOf\":{\"@id\":\"https:\\\/\\\/www.tv-schweinheim.de\\\/wp\\\/#website\"},\"primaryImageOfPage\":{\"@id\":\"https:\\\/\\\/www.tv-schweinheim.de\\\/wp\\\/2023\\\/01\\\/30\\\/suewag-cup-u7-2023\\\/#primaryimage\"},\"image\":{\"@id\":\"https:\\\/\\\/www.tv-schweinheim.de\\\/wp\\\/2023\\\/01\\\/30\\\/suewag-cup-u7-2023\\\/#primaryimage\"},\"thumbnailUrl\":\"https:\\\/\\\/www.tv-schweinheim.de\\\/wp\\\/wp-content\\\/uploads\\\/2023\\\/01\\\/SuewG.jpg\",\"datePublished\":\"2023-01-30T17:36:43+00:00\",\"dateModified\":\"2023-01-30T17:38:08+00:00\",\"breadcrumb\":{\"@id\":\"https:\\\/\\\/www.tv-schweinheim.de\\\/wp\\\/2023\\\/01\\\/30\\\/suewag-cup-u7-2023\\\/#breadcrumb\"},\"inLanguage\":\"de\",\"potentialAction\":[{\"@type\":\"ReadAction\",\"target\":[\"https:\\\/\\\/www.tv-schweinheim.de\\\/wp\\\/2023\\\/01\\\/30\\\/suewag-cup-u7-2023\\\/\"]}]},{\"@type\":\"ImageObject\",\"inLanguage\":\"de\",\"@id\":\"https:\\\/\\\/www.tv-schweinheim.de\\\/wp\\\/2023\\\/01\\\/30\\\/suewag-cup-u7-2023\\\/#primaryimage\",\"url\":\"https:\\\/\\\/www.tv-schweinheim.de\\\/wp\\\/wp-content\\\/uploads\\\/2023\\\/01\\\/SuewG.jpg\",\"contentUrl\":\"https:\\\/\\\/www.tv-schweinheim.de\\\/wp\\\/wp-content\\\/uploads\\\/2023\\\/01\\\/SuewG.jpg\",\"width\":1590,\"height\":1157},{\"@type\":\"BreadcrumbList\",\"@id\":\"https:\\\/\\\/www.tv-schweinheim.de\\\/wp\\\/2023\\\/01\\\/30\\\/suewag-cup-u7-2023\\\/#breadcrumb\",\"itemListElement\":[{\"@type\":\"ListItem\",\"position\":1,\"name\":\"Startseite\",\"item\":\"https:\\\/\\\/www.tv-schweinheim.de\\\/wp\\\/\"},{\"@type\":\"ListItem\",\"position\":2,\"name\":\"S\u00fcwag Cup U7- 2023\"}]},{\"@type\":\"WebSite\",\"@id\":\"https:\\\/\\\/www.tv-schweinheim.de\\\/wp\\\/#website\",\"url\":\"https:\\\/\\\/www.tv-schweinheim.de\\\/wp\\\/\",\"name\":\"Turnverein Schweinheim\",\"description\":\"1885 e.V.\",\"publisher\":{\"@id\":\"https:\\\/\\\/www.tv-schweinheim.de\\\/wp\\\/#organization\"},\"potentialAction\":[{\"@type\":\"SearchAction\",\"target\":{\"@type\":\"EntryPoint\",\"urlTemplate\":\"https:\\\/\\\/www.tv-schweinheim.de\\\/wp\\\/?s={search_term_string}\"},\"query-input\":{\"@type\":\"PropertyValueSpecification\",\"valueRequired\":true,\"valueName\":\"search_term_string\"}}],\"inLanguage\":\"de\"},{\"@type\":\"Organization\",\"@id\":\"https:\\\/\\\/www.tv-schweinheim.de\\\/wp\\\/#organization\",\"name\":\"TV Schweinheim\",\"url\":\"https:\\\/\\\/www.tv-schweinheim.de\\\/wp\\\/\",\"logo\":{\"@type\":\"ImageObject\",\"inLanguage\":\"de\",\"@id\":\"https:\\\/\\\/www.tv-schweinheim.de\\\/wp\\\/#\\\/schema\\\/logo\\\/image\\\/\",\"url\":\"https:\\\/\\\/www.tv-schweinheim.de\\\/wp\\\/wp-content\\\/uploads\\\/2020\\\/06\\\/logo.png\",\"contentUrl\":\"https:\\\/\\\/www.tv-schweinheim.de\\\/wp\\\/wp-content\\\/uploads\\\/2020\\\/06\\\/logo.png\",\"width\":152,\"height\":146,\"caption\":\"TV Schweinheim\"},\"image\":{\"@id\":\"https:\\\/\\\/www.tv-schweinheim.de\\\/wp\\\/#\\\/schema\\\/logo\\\/image\\\/\"},\"sameAs\":[\"https:\\\/\\\/www.facebook.com\\\/turnvereinschweinheim\\\/\",\"https:\\\/\\\/www.instagram.com\\\/tv_schweinheim\\\/\"]},{\"@type\":\"Person\",\"@id\":\"https:\\\/\\\/www.tv-schweinheim.de\\\/wp\\\/#\\\/schema\\\/person\\\/879b7e374883e1fbc9d48df1e8eb1560\",\"name\":\"Nina Mattmer\",\"image\":{\"@type\":\"ImageObject\",\"inLanguage\":\"de\",\"@id\":\"https:\\\/\\\/secure.gravatar.com\\\/avatar\\\/82b4486c6750729486017f6e90a7f5ceb3fefad2bc6747408dabb218e2aaa040?s=96&d=mm&r=g\",\"url\":\"https:\\\/\\\/secure.gravatar.com\\\/avatar\\\/82b4486c6750729486017f6e90a7f5ceb3fefad2bc6747408dabb218e2aaa040?s=96&d=mm&r=g\",\"contentUrl\":\"https:\\\/\\\/secure.gravatar.com\\\/avatar\\\/82b4486c6750729486017f6e90a7f5ceb3fefad2bc6747408dabb218e2aaa040?s=96&d=mm&r=g\",\"caption\":\"Nina Mattmer\"},\"url\":\"https:\\\/\\\/www.tv-schweinheim.de\\\/wp\\\/author\\\/nina\\\/\"}]}<\/script>\n<!-- \/ Yoast SEO plugin. -->","yoast_head_json":{"title":"S\u00fcwag Cup U7- 2023 - Turnverein Schweinheim","robots":{"index":"index","follow":"follow","max-snippet":"max-snippet:-1","max-image-preview":"max-image-preview:large","max-video-preview":"max-video-preview:-1"},"canonical":"https:\/\/www.tv-schweinheim.de\/wp\/2023\/01\/30\/suewag-cup-u7-2023\/","og_locale":"de_DE","og_type":"article","og_title":"S\u00fcwag Cup U7- 2023 - Turnverein Schweinheim","og_description":"Unsere U7 Mannschaft begann dieses Jahr mit ihrem ersten Hallenturnier in Mainaschaff,dem S\u00fcwag Cup 2023 und kn\u00fcpfte direkt an die Leistungen des Vorjahres an. DieGruppenphase verlief sehr gut. Sie gewannen zwei von drei Spielen und spielten das dritteSpiel Unentschieden. Leider war unsere Mannschaft in der Tabelle identisch mit H\u00f6rsteinund musste somit f\u00fcr den Einzug in&hellip;&nbsp;Mehr lesen &raquo;S\u00fcwag Cup U7- 2023","og_url":"https:\/\/www.tv-schweinheim.de\/wp\/2023\/01\/30\/suewag-cup-u7-2023\/","og_site_name":"Turnverein Schweinheim","article_publisher":"https:\/\/www.facebook.com\/turnvereinschweinheim\/","article_published_time":"2023-01-30T17:36:43+00:00","article_modified_time":"2023-01-30T17:38:08+00:00","og_image":[{"width":1590,"height":1157,"url":"https:\/\/www.tv-schweinheim.de\/wp\/wp-content\/uploads\/2023\/01\/SuewG.jpg","type":"image\/jpeg"}],"author":"Nina Mattmer","twitter_card":"summary_large_image","twitter_misc":{"Verfasst von":"Nina Mattmer","Gesch\u00e4tzte Lesezeit":"1\u00a0Minute"},"schema":{"@context":"https:\/\/schema.org","@graph":[{"@type":"Article","@id":"https:\/\/www.tv-schweinheim.de\/wp\/2023\/01\/30\/suewag-cup-u7-2023\/#article","isPartOf":{"@id":"https:\/\/www.tv-schweinheim.de\/wp\/2023\/01\/30\/suewag-cup-u7-2023\/"},"author":{"name":"Nina Mattmer","@id":"https:\/\/www.tv-schweinheim.de\/wp\/#\/schema\/person\/879b7e374883e1fbc9d48df1e8eb1560"},"headline":"S\u00fcwag Cup U7- 2023","datePublished":"2023-01-30T17:36:43+00:00","dateModified":"2023-01-30T17:38:08+00:00","mainEntityOfPage":{"@id":"https:\/\/www.tv-schweinheim.de\/wp\/2023\/01\/30\/suewag-cup-u7-2023\/"},"wordCount":146,"publisher":{"@id":"https:\/\/www.tv-schweinheim.de\/wp\/#organization"},"image":{"@id":"https:\/\/www.tv-schweinheim.de\/wp\/2023\/01\/30\/suewag-cup-u7-2023\/#primaryimage"},"thumbnailUrl":"https:\/\/www.tv-schweinheim.de\/wp\/wp-content\/uploads\/2023\/01\/SuewG.jpg","articleSection":["Fu\u00dfballjugend","Vereinsnachrichten"],"inLanguage":"de"},{"@type":"WebPage","@id":"https:\/\/www.tv-schweinheim.de\/wp\/2023\/01\/30\/suewag-cup-u7-2023\/","url":"https:\/\/www.tv-schweinheim.de\/wp\/2023\/01\/30\/suewag-cup-u7-2023\/","name":"S\u00fcwag Cup U7- 2023 - Turnverein Schweinheim","isPartOf":{"@id":"https:\/\/www.tv-schweinheim.de\/wp\/#website"},"primaryImageOfPage":{"@id":"https:\/\/www.tv-schweinheim.de\/wp\/2023\/01\/30\/suewag-cup-u7-2023\/#primaryimage"},"image":{"@id":"https:\/\/www.tv-schweinheim.de\/wp\/2023\/01\/30\/suewag-cup-u7-2023\/#primaryimage"},"thumbnailUrl":"https:\/\/www.tv-schweinheim.de\/wp\/wp-content\/uploads\/2023\/01\/SuewG.jpg","datePublished":"2023-01-30T17:36:43+00:00","dateModified":"2023-01-30T17:38:08+00:00","breadcrumb":{"@id":"https:\/\/www.tv-schweinheim.de\/wp\/2023\/01\/30\/suewag-cup-u7-2023\/#breadcrumb"},"inLanguage":"de","potentialAction":[{"@type":"ReadAction","target":["https:\/\/www.tv-schweinheim.de\/wp\/2023\/01\/30\/suewag-cup-u7-2023\/"]}]},{"@type":"ImageObject","inLanguage":"de","@id":"https:\/\/www.tv-schweinheim.de\/wp\/2023\/01\/30\/suewag-cup-u7-2023\/#primaryimage","url":"https:\/\/www.tv-schweinheim.de\/wp\/wp-content\/uploads\/2023\/01\/SuewG.jpg","contentUrl":"https:\/\/www.tv-schweinheim.de\/wp\/wp-content\/uploads\/2023\/01\/SuewG.jpg","width":1590,"height":1157},{"@type":"BreadcrumbList","@id":"https:\/\/www.tv-schweinheim.de\/wp\/2023\/01\/30\/suewag-cup-u7-2023\/#breadcrumb","itemListElement":[{"@type":"ListItem","position":1,"name":"Startseite","item":"https:\/\/www.tv-schweinheim.de\/wp\/"},{"@type":"ListItem","position":2,"name":"S\u00fcwag Cup U7- 2023"}]},{"@type":"WebSite","@id":"https:\/\/www.tv-schweinheim.de\/wp\/#website","url":"https:\/\/www.tv-schweinheim.de\/wp\/","name":"Turnverein Schweinheim","description":"1885 e.V.","publisher":{"@id":"https:\/\/www.tv-schweinheim.de\/wp\/#organization"},"potentialAction":[{"@type":"SearchAction","target":{"@type":"EntryPoint","urlTemplate":"https:\/\/www.tv-schweinheim.de\/wp\/?s={search_term_string}"},"query-input":{"@type":"PropertyValueSpecification","valueRequired":true,"valueName":"search_term_string"}}],"inLanguage":"de"},{"@type":"Organization","@id":"https:\/\/www.tv-schweinheim.de\/wp\/#organization","name":"TV Schweinheim","url":"https:\/\/www.tv-schweinheim.de\/wp\/","logo":{"@type":"ImageObject","inLanguage":"de","@id":"https:\/\/www.tv-schweinheim.de\/wp\/#\/schema\/logo\/image\/","url":"https:\/\/www.tv-schweinheim.de\/wp\/wp-content\/uploads\/2020\/06\/logo.png","contentUrl":"https:\/\/www.tv-schweinheim.de\/wp\/wp-content\/uploads\/2020\/06\/logo.png","width":152,"height":146,"caption":"TV Schweinheim"},"image":{"@id":"https:\/\/www.tv-schweinheim.de\/wp\/#\/schema\/logo\/image\/"},"sameAs":["https:\/\/www.facebook.com\/turnvereinschweinheim\/","https:\/\/www.instagram.com\/tv_schweinheim\/"]},{"@type":"Person","@id":"https:\/\/www.tv-schweinheim.de\/wp\/#\/schema\/person\/879b7e374883e1fbc9d48df1e8eb1560","name":"Nina Mattmer","image":{"@type":"ImageObject","inLanguage":"de","@id":"https:\/\/secure.gravatar.com\/avatar\/82b4486c6750729486017f6e90a7f5ceb3fefad2bc6747408dabb218e2aaa040?s=96&d=mm&r=g","url":"https:\/\/secure.gravatar.com\/avatar\/82b4486c6750729486017f6e90a7f5ceb3fefad2bc6747408dabb218e2aaa040?s=96&d=mm&r=g","contentUrl":"https:\/\/secure.gravatar.com\/avatar\/82b4486c6750729486017f6e90a7f5ceb3fefad2bc6747408dabb218e2aaa040?s=96&d=mm&r=g","caption":"Nina Mattmer"},"url":"https:\/\/www.tv-schweinheim.de\/wp\/author\/nina\/"}]}},"_links":{"self":[{"href":"https:\/\/www.tv-schweinheim.de\/wp\/wp-json\/wp\/v2\/posts\/10629","targetHints":{"allow":["GET"]}}],"collection":[{"href":"https:\/\/www.tv-schweinheim.de\/wp\/wp-json\/wp\/v2\/posts"}],"about":[{"href":"https:\/\/www.tv-schweinheim.de\/wp\/wp-json\/wp\/v2\/types\/post"}],"author":[{"embeddable":true,"href":"https:\/\/www.tv-schweinheim.de\/wp\/wp-json\/wp\/v2\/users\/5"}],"replies":[{"embeddable":true,"href":"https:\/\/www.tv-schweinheim.de\/wp\/wp-json\/wp\/v2\/comments?post=10629"}],"version-history":[{"count":4,"href":"https:\/\/www.tv-schweinheim.de\/wp\/wp-json\/wp\/v2\/posts\/10629\/revisions"}],"predecessor-version":[{"id":10634,"href":"https:\/\/www.tv-schweinheim.de\/wp\/wp-json\/wp\/v2\/posts\/10629\/revisions\/10634"}],"wp:featuredmedia":[{"embeddable":true,"href":"https:\/\/www.tv-schweinheim.de\/wp\/wp-json\/wp\/v2\/media\/10630"}],"wp:attachment":[{"href":"https:\/\/www.tv-schweinheim.de\/wp\/wp-json\/wp\/v2\/media?parent=10629"}],"wp:term":[{"taxonomy":"category","embeddable":true,"href":"https:\/\/www.tv-schweinheim.de\/wp\/wp-json\/wp\/v2\/categories?post=10629"},{"taxonomy":"post_tag","embeddable":true,"href":"https:\/\/www.tv-schweinheim.de\/wp\/wp-json\/wp\/v2\/tags?post=10629"}],"curies":[{"name":"wp","href":"https:\/\/api.w.org\/{rel}","templated":true}]}}