{"id":12505,"date":"2024-01-08T22:09:23","date_gmt":"2024-01-08T20:09:23","guid":{"rendered":"https:\/\/www.tv-schweinheim.de\/wp\/?p=12505"},"modified":"2024-01-08T22:11:20","modified_gmt":"2024-01-08T20:11:20","slug":"fussballjugend-die-schwoijer-19","status":"publish","type":"post","link":"https:\/\/www.tv-schweinheim.de\/wp\/2024\/01\/08\/fussballjugend-die-schwoijer-19\/","title":{"rendered":"Fu\u00dfballjugend \u2013 Die Schwoijer!"},"content":{"rendered":"\t\t<div data-elementor-type=\"wp-post\" data-elementor-id=\"12505\" class=\"elementor elementor-12505\">\n\t\t\t\t\t\t<section class=\"elementor-section elementor-top-section elementor-element elementor-element-669ce24 elementor-section-boxed elementor-section-height-default elementor-section-height-default\" data-id=\"669ce24\" data-element_type=\"section\" data-e-type=\"section\">\n\t\t\t\t\t\t<div class=\"elementor-container elementor-column-gap-default\">\n\t\t\t\t\t<div class=\"elementor-column elementor-col-100 elementor-top-column elementor-element elementor-element-6d64e46\" data-id=\"6d64e46\" data-element_type=\"column\" data-e-type=\"column\">\n\t\t\t<div class=\"elementor-widget-wrap elementor-element-populated\">\n\t\t\t\t\t\t<div class=\"elementor-element elementor-element-e17b7c3 elementor-widget elementor-widget-text-editor\" data-id=\"e17b7c3\" data-element_type=\"widget\" data-e-type=\"widget\" data-widget_type=\"text-editor.default\">\n\t\t\t\t<div class=\"elementor-widget-container\">\n\t\t\t\t\t\t\t\t\t<p><strong>Stadtmeisterschaft in der Erbighalle<\/strong><br \/>Der TVS blickt auf eine erfolgreiche Stadtmeisterschaft zur\u00fcck. Wir durften \u00fcber den Zeitraum vom 27.12.2023 \u2013 05.01.2024, sehr viele Zuschauer in der Halle begr\u00fc\u00dfen, die Fu\u00dfball der Extraklasse bewundern durften. Zu den Stammg\u00e4sten vor Ort z\u00e4hlten unter anderem Eric Leiderer (B\u00fcrgermeister), Karlheinz Stegmann (Stadtrat, Vorsitztender Sportverband) und Helmut Maier (Leiter Sportamt), dass den besonderen Stellenwert der Stadtmeisterschaft widerspiegelt. Sportlich waren die beiden Titel von den U11 M\u00e4dchen und der U8 Jungs die beiden Highlights.<\/p><p><strong>U11 \u2013 E \u2013 Juniorinnen:<\/strong><br \/>Den U11 Stadtmeistertitel bei den M\u00e4dchen sicherte sich der Gastgeber, der TV Schweinheim. Es wurde im Finale gegen die Kickers ein Hin \u2013 und R\u00fcckspiel gespielt die der TVS beide gewinnen konnte und somit ein Gesamtergebnis von 7:0 zustande kam.<\/p><p>TVS \u2013 Kickers Aschaffenburg 6:0\u00a0 \u00a0 \u00a0 \u00a0 \u00a0 Tore: Livia(3), Johanna(2) &amp; Eva<\/p>\t\t\t\t\t\t\t\t<\/div>\n\t\t\t\t<\/div>\n\t\t\t\t\t<\/div>\n\t\t<\/div>\n\t\t\t\t\t<\/div>\n\t\t<\/section>\n\t\t\t\t<section class=\"elementor-section elementor-top-section elementor-element elementor-element-44b5827 elementor-section-boxed elementor-section-height-default elementor-section-height-default\" data-id=\"44b5827\" data-element_type=\"section\" data-e-type=\"section\">\n\t\t\t\t\t\t<div class=\"elementor-container elementor-column-gap-default\">\n\t\t\t\t\t<div class=\"elementor-column elementor-col-100 elementor-top-column elementor-element elementor-element-94543d4\" data-id=\"94543d4\" data-element_type=\"column\" data-e-type=\"column\">\n\t\t\t<div class=\"elementor-widget-wrap elementor-element-populated\">\n\t\t\t\t\t\t<div class=\"elementor-element elementor-element-b31a678 elementor-widget elementor-widget-image\" data-id=\"b31a678\" data-element_type=\"widget\" data-e-type=\"widget\" data-widget_type=\"image.default\">\n\t\t\t\t<div class=\"elementor-widget-container\">\n\t\t\t\t\t\t\t\t\t\t\t\t\t\t\t<img fetchpriority=\"high\" decoding=\"async\" width=\"1024\" height=\"745\" src=\"https:\/\/www.tv-schweinheim.de\/wp\/wp-content\/uploads\/2024\/01\/U11MEHSM-1024x745.jpg\" class=\"attachment-large size-large wp-image-12509\" alt=\"\" srcset=\"https:\/\/www.tv-schweinheim.de\/wp\/wp-content\/uploads\/2024\/01\/U11MEHSM-1024x745.jpg 1024w, https:\/\/www.tv-schweinheim.de\/wp\/wp-content\/uploads\/2024\/01\/U11MEHSM-300x218.jpg 300w, https:\/\/www.tv-schweinheim.de\/wp\/wp-content\/uploads\/2024\/01\/U11MEHSM-768x559.jpg 768w, https:\/\/www.tv-schweinheim.de\/wp\/wp-content\/uploads\/2024\/01\/U11MEHSM-1536x1118.jpg 1536w, https:\/\/www.tv-schweinheim.de\/wp\/wp-content\/uploads\/2024\/01\/U11MEHSM.jpg 1957w\" sizes=\"(max-width: 1024px) 100vw, 1024px\" \/>\t\t\t\t\t\t\t\t\t\t\t\t\t\t\t<\/div>\n\t\t\t\t<\/div>\n\t\t\t\t\t<\/div>\n\t\t<\/div>\n\t\t\t\t\t<\/div>\n\t\t<\/section>\n\t\t\t\t<section class=\"elementor-section elementor-top-section elementor-element elementor-element-5540723 elementor-section-boxed elementor-section-height-default elementor-section-height-default\" data-id=\"5540723\" data-element_type=\"section\" data-e-type=\"section\">\n\t\t\t\t\t\t<div class=\"elementor-container elementor-column-gap-default\">\n\t\t\t\t\t<div class=\"elementor-column elementor-col-100 elementor-top-column elementor-element elementor-element-a325e2c\" data-id=\"a325e2c\" data-element_type=\"column\" data-e-type=\"column\">\n\t\t\t<div class=\"elementor-widget-wrap elementor-element-populated\">\n\t\t\t\t\t\t<div class=\"elementor-element elementor-element-7410d90 elementor-widget elementor-widget-text-editor\" data-id=\"7410d90\" data-element_type=\"widget\" data-e-type=\"widget\" data-widget_type=\"text-editor.default\">\n\t\t\t\t<div class=\"elementor-widget-container\">\n\t\t\t\t\t\t\t\t\t<p><strong>U15 \u2013 C &#8211; Jugend:<\/strong><br \/>Bei der U15 spielte der TVS mit seinem j\u00fcngeren Jahrgang mit. Den Altersunterschied merkte man in vielen Spielen, umso beachtlicher wie unsere Jungs sich im Platzierungsspiel auf den 9. Platz k\u00e4mpften.<br \/>TVS \u2013 Viktoria Aschaffenburg\u00a0 \u00a0 \u00a0 0:6<br \/>TVS \u2013 BSC Schweinheim\u00a0 \u00a0 \u00a0 \u00a0 \u00a0 \u00a0 \u00a0 \u00a01:3<br \/>TVS \u2013 SG Strietwald\u00a0 \u00a0 \u00a0 \u00a0 \u00a0 \u00a0 \u00a0 \u00a0 \u00a0 \u00a0 \u00a0 \u00a01:3<br \/>TVS \u2013 DjK\/TuS Leider\u00a0 \u00a0 \u00a0 \u00a0 \u00a0 \u00a0 \u00a0 \u00a0 \u00a0 \u00a0 0:8<br \/>Spiel 9. Platz:<br \/>TVS \u2013 TV Aschaffenburg\u00a0 \u00a0 \u00a0 \u00a0 \u00a0 \u00a0 \u00a0 3:2 n.E.<\/p>\t\t\t\t\t\t\t\t<\/div>\n\t\t\t\t<\/div>\n\t\t\t\t\t<\/div>\n\t\t<\/div>\n\t\t\t\t\t<\/div>\n\t\t<\/section>\n\t\t\t\t<section class=\"elementor-section elementor-top-section elementor-element elementor-element-291bfdc elementor-section-boxed elementor-section-height-default elementor-section-height-default\" data-id=\"291bfdc\" data-element_type=\"section\" data-e-type=\"section\">\n\t\t\t\t\t\t<div class=\"elementor-container elementor-column-gap-default\">\n\t\t\t\t\t<div class=\"elementor-column elementor-col-100 elementor-top-column elementor-element elementor-element-5b7d820\" data-id=\"5b7d820\" data-element_type=\"column\" data-e-type=\"column\">\n\t\t\t<div class=\"elementor-widget-wrap elementor-element-populated\">\n\t\t\t\t\t\t<div class=\"elementor-element elementor-element-4389a1f elementor-widget elementor-widget-image\" data-id=\"4389a1f\" data-element_type=\"widget\" data-e-type=\"widget\" data-widget_type=\"image.default\">\n\t\t\t\t<div class=\"elementor-widget-container\">\n\t\t\t\t\t\t\t\t\t\t\t\t\t\t\t<img decoding=\"async\" width=\"1024\" height=\"802\" src=\"https:\/\/www.tv-schweinheim.de\/wp\/wp-content\/uploads\/2024\/01\/U15EHSM-1024x802.jpg\" class=\"attachment-large size-large wp-image-12506\" alt=\"\" srcset=\"https:\/\/www.tv-schweinheim.de\/wp\/wp-content\/uploads\/2024\/01\/U15EHSM-1024x802.jpg 1024w, https:\/\/www.tv-schweinheim.de\/wp\/wp-content\/uploads\/2024\/01\/U15EHSM-300x235.jpg 300w, https:\/\/www.tv-schweinheim.de\/wp\/wp-content\/uploads\/2024\/01\/U15EHSM-768x602.jpg 768w, https:\/\/www.tv-schweinheim.de\/wp\/wp-content\/uploads\/2024\/01\/U15EHSM-1536x1203.jpg 1536w, https:\/\/www.tv-schweinheim.de\/wp\/wp-content\/uploads\/2024\/01\/U15EHSM-2048x1604.jpg 2048w\" sizes=\"(max-width: 1024px) 100vw, 1024px\" \/>\t\t\t\t\t\t\t\t\t\t\t\t\t\t\t<\/div>\n\t\t\t\t<\/div>\n\t\t\t\t\t<\/div>\n\t\t<\/div>\n\t\t\t\t\t<\/div>\n\t\t<\/section>\n\t\t\t\t<section class=\"elementor-section elementor-top-section elementor-element elementor-element-d97c8d9 elementor-section-boxed elementor-section-height-default elementor-section-height-default\" data-id=\"d97c8d9\" data-element_type=\"section\" data-e-type=\"section\">\n\t\t\t\t\t\t<div class=\"elementor-container elementor-column-gap-default\">\n\t\t\t\t\t<div class=\"elementor-column elementor-col-100 elementor-top-column elementor-element elementor-element-14fd402\" data-id=\"14fd402\" data-element_type=\"column\" data-e-type=\"column\">\n\t\t\t<div class=\"elementor-widget-wrap elementor-element-populated\">\n\t\t\t\t\t\t<div class=\"elementor-element elementor-element-c6ec3a5 elementor-widget elementor-widget-text-editor\" data-id=\"c6ec3a5\" data-element_type=\"widget\" data-e-type=\"widget\" data-widget_type=\"text-editor.default\">\n\t\t\t\t<div class=\"elementor-widget-container\">\n\t\t\t\t\t\t\t\t\t<p><strong>U14 \u2013 C2 \u2013 Jugend:<\/strong><br \/>Ohne Sieg aber mit jeweils sehr knappen Niederlagen landete der TVS auf dem 8. Platz.<br \/>TVS \u2013 Obernau\u00a0 \u00a0 0:2<br \/>TVS \u2013 BSC\u00a0 \u00a0 \u00a0 \u00a0 \u00a0 \u00a0 \u00a01:2<br \/>TVS \u2013 Strietwald\u00a0 1:2<br \/>Spiel 7. Platz:<br \/>TVS \u2013 DjK\/TuS Leider 0:1<\/p><p><strong>U13 \u2013 D \u2013 Jugend:<\/strong><br \/>Eine tolle Leistung zeigten wir bei der U13. Der Jahrgang 2011 musste leider wegen der Ferienzeit, ohne ihren Keeper und mit vielen j\u00fcngeren Spieler antreten. Im Tor wechselten sich Amelie und Noah ab und lieferten auch als gelernte Feldspieler, im Tor eine super Leistung ab.<br \/>TVS \u2013 Teutonia Obernau\u00a0 \u00a0 1:3<br \/>TVS \u2013 TV Aschaffenburg\u00a0 \u00a0 \u00a03:2<br \/>TVS \u2013 Kickers Gailbach\u00a0 \u00a0 \u00a0 \u00a01:1<br \/>Spiel 5. Platz:<br \/>TVS \u2013 BSC\u00a0 \u00a0 \u00a0 \u00a0 \u00a0 \u00a0 \u00a0 \u00a0 \u00a0 \u00a0 \u00a0 \u00a0 \u00a0 \u00a0 \u00a00:4<\/p>\t\t\t\t\t\t\t\t<\/div>\n\t\t\t\t<\/div>\n\t\t\t\t\t<\/div>\n\t\t<\/div>\n\t\t\t\t\t<\/div>\n\t\t<\/section>\n\t\t\t\t<section class=\"elementor-section elementor-top-section elementor-element elementor-element-99a7b58 elementor-section-boxed elementor-section-height-default elementor-section-height-default\" data-id=\"99a7b58\" data-element_type=\"section\" data-e-type=\"section\">\n\t\t\t\t\t\t<div class=\"elementor-container elementor-column-gap-default\">\n\t\t\t\t\t<div class=\"elementor-column elementor-col-100 elementor-top-column elementor-element elementor-element-8450450\" data-id=\"8450450\" data-element_type=\"column\" data-e-type=\"column\">\n\t\t\t<div class=\"elementor-widget-wrap elementor-element-populated\">\n\t\t\t\t\t\t<div class=\"elementor-element elementor-element-79638cb elementor-widget elementor-widget-image\" data-id=\"79638cb\" data-element_type=\"widget\" data-e-type=\"widget\" data-widget_type=\"image.default\">\n\t\t\t\t<div class=\"elementor-widget-container\">\n\t\t\t\t\t\t\t\t\t\t\t\t\t\t\t<img decoding=\"async\" width=\"1024\" height=\"753\" src=\"https:\/\/www.tv-schweinheim.de\/wp\/wp-content\/uploads\/2024\/01\/U13EHSM-1024x753.jpg\" class=\"attachment-large size-large wp-image-12507\" alt=\"\" srcset=\"https:\/\/www.tv-schweinheim.de\/wp\/wp-content\/uploads\/2024\/01\/U13EHSM-1024x753.jpg 1024w, https:\/\/www.tv-schweinheim.de\/wp\/wp-content\/uploads\/2024\/01\/U13EHSM-300x221.jpg 300w, https:\/\/www.tv-schweinheim.de\/wp\/wp-content\/uploads\/2024\/01\/U13EHSM-768x565.jpg 768w, https:\/\/www.tv-schweinheim.de\/wp\/wp-content\/uploads\/2024\/01\/U13EHSM-1536x1130.jpg 1536w, https:\/\/www.tv-schweinheim.de\/wp\/wp-content\/uploads\/2024\/01\/U13EHSM-2048x1507.jpg 2048w\" sizes=\"(max-width: 1024px) 100vw, 1024px\" \/>\t\t\t\t\t\t\t\t\t\t\t\t\t\t\t<\/div>\n\t\t\t\t<\/div>\n\t\t\t\t\t<\/div>\n\t\t<\/div>\n\t\t\t\t\t<\/div>\n\t\t<\/section>\n\t\t\t\t<section class=\"elementor-section elementor-top-section elementor-element elementor-element-1d5c5f5 elementor-section-boxed elementor-section-height-default elementor-section-height-default\" data-id=\"1d5c5f5\" data-element_type=\"section\" data-e-type=\"section\">\n\t\t\t\t\t\t<div class=\"elementor-container elementor-column-gap-default\">\n\t\t\t\t\t<div class=\"elementor-column elementor-col-100 elementor-top-column elementor-element elementor-element-d5ff2cc\" data-id=\"d5ff2cc\" data-element_type=\"column\" data-e-type=\"column\">\n\t\t\t<div class=\"elementor-widget-wrap elementor-element-populated\">\n\t\t\t\t\t\t<div class=\"elementor-element elementor-element-b02c65a elementor-widget elementor-widget-text-editor\" data-id=\"b02c65a\" data-element_type=\"widget\" data-e-type=\"widget\" data-widget_type=\"text-editor.default\">\n\t\t\t\t<div class=\"elementor-widget-container\">\n\t\t\t\t\t\t\t\t\t<p><strong>U12 \u2013 D \u2013 Jugend:<\/strong><br \/>Der TVS war mit zwei Teams am Start und musste im Platzierungsspiel gegeneinander antreten.<br \/>TVS 1 \u2013 BSC 1:0\u00a0 \u00a0 \u00a0 \u00a0 \u00a0 \u00a0 \u00a0 \u00a0 \u00a0 \u00a0 Tor: Mika<br \/>TVS 1 \u2013 Strietwald 1:4\u00a0 \u00a0 \u00a0 \u00a0 \u00a0Tor: John<br \/>TVS 1 \u2013 DjK\/TuS Leider 0:2<br \/>TVS 2 \u2013 Obernau 3:0\u00a0 \u00a0 \u00a0 \u00a0 \u00a0 Tore: Noah &amp; Louis<br \/>TVS 2 \u2013 BSC 1:2\u00a0 \u00a0 \u00a0 \u00a0 \u00a0 \u00a0 \u00a0 \u00a0 \u00a0 \u00a0Tor: Noah<br \/>TVS 2 \u2013 Viktoria AB 0:5<br \/>Spiel 5. Platz<br \/>TVS 1 \u2013 TVS 2 1:5\u00a0 \u00a0 \u00a0 \u00a0 \u00a0 \u00a0 \u00a0 \u00a0 \u00a0Tore: Noah(2), Louis, Aaron, Amelie &amp; Malik<\/p>\t\t\t\t\t\t\t\t<\/div>\n\t\t\t\t<\/div>\n\t\t\t\t\t<\/div>\n\t\t<\/div>\n\t\t\t\t\t<\/div>\n\t\t<\/section>\n\t\t\t\t<section class=\"elementor-section elementor-top-section elementor-element elementor-element-270b25f elementor-section-boxed elementor-section-height-default elementor-section-height-default\" data-id=\"270b25f\" data-element_type=\"section\" data-e-type=\"section\">\n\t\t\t\t\t\t<div class=\"elementor-container elementor-column-gap-default\">\n\t\t\t\t\t<div class=\"elementor-column elementor-col-100 elementor-top-column elementor-element elementor-element-fff7bd6\" data-id=\"fff7bd6\" data-element_type=\"column\" data-e-type=\"column\">\n\t\t\t<div class=\"elementor-widget-wrap elementor-element-populated\">\n\t\t\t\t\t\t<div class=\"elementor-element elementor-element-e666c4f elementor-widget elementor-widget-text-editor\" data-id=\"e666c4f\" data-element_type=\"widget\" data-e-type=\"widget\" data-widget_type=\"text-editor.default\">\n\t\t\t\t<div class=\"elementor-widget-container\">\n\t\t\t\t\t\t\t\t\t<p><strong>U11 \u2013 E1 &#8211; Jugend:<\/strong><\/p><p>Gef\u00fchlt Stadtmeister! Bei den Spielen im Liga \u2013 Modus holte der TVS den Vizetitel und musste nur Viktoria Aschaffenburg den Vortritt lassen.<br \/>TVS \u2013 BSC Schweinheim\u00a0 \u00a00:2<br \/>TVS \u2013 TV Aschaffenburg\u00a0 \u00a0 3:1<br \/>TVS \u2013 Teutonia Obernau\u00a0 4:0<br \/>TVS \u2013 DjK\/TuS Leider\u00a0 \u00a0 \u00a0 \u00a0 3:0<br \/>TVS \u2013 SG Strietwald\u00a0 \u00a0 \u00a0 \u00a0 \u00a0 \u00a04:0<br \/>TVS \u2013 Viktoria Aschaffenburg 1:3<\/p>\t\t\t\t\t\t\t\t<\/div>\n\t\t\t\t<\/div>\n\t\t\t\t\t<\/div>\n\t\t<\/div>\n\t\t\t\t\t<\/div>\n\t\t<\/section>\n\t\t\t\t<section class=\"elementor-section elementor-top-section elementor-element elementor-element-34af7b9 elementor-section-boxed elementor-section-height-default elementor-section-height-default\" data-id=\"34af7b9\" data-element_type=\"section\" data-e-type=\"section\">\n\t\t\t\t\t\t<div class=\"elementor-container elementor-column-gap-default\">\n\t\t\t\t\t<div class=\"elementor-column elementor-col-100 elementor-top-column elementor-element elementor-element-1c35227\" data-id=\"1c35227\" data-element_type=\"column\" data-e-type=\"column\">\n\t\t\t<div class=\"elementor-widget-wrap elementor-element-populated\">\n\t\t\t\t\t\t<div class=\"elementor-element elementor-element-3e5c85c elementor-widget elementor-widget-image\" data-id=\"3e5c85c\" data-element_type=\"widget\" data-e-type=\"widget\" data-widget_type=\"image.default\">\n\t\t\t\t<div class=\"elementor-widget-container\">\n\t\t\t\t\t\t\t\t\t\t\t\t\t\t\t<img loading=\"lazy\" decoding=\"async\" width=\"1024\" height=\"616\" src=\"https:\/\/www.tv-schweinheim.de\/wp\/wp-content\/uploads\/2024\/01\/U11EHSM-1024x616.jpg\" class=\"attachment-large size-large wp-image-12510\" alt=\"\" srcset=\"https:\/\/www.tv-schweinheim.de\/wp\/wp-content\/uploads\/2024\/01\/U11EHSM-1024x616.jpg 1024w, https:\/\/www.tv-schweinheim.de\/wp\/wp-content\/uploads\/2024\/01\/U11EHSM-300x181.jpg 300w, https:\/\/www.tv-schweinheim.de\/wp\/wp-content\/uploads\/2024\/01\/U11EHSM-768x462.jpg 768w, https:\/\/www.tv-schweinheim.de\/wp\/wp-content\/uploads\/2024\/01\/U11EHSM-1536x924.jpg 1536w, https:\/\/www.tv-schweinheim.de\/wp\/wp-content\/uploads\/2024\/01\/U11EHSM.jpg 1720w\" sizes=\"(max-width: 1024px) 100vw, 1024px\" \/>\t\t\t\t\t\t\t\t\t\t\t\t\t\t\t<\/div>\n\t\t\t\t<\/div>\n\t\t\t\t\t<\/div>\n\t\t<\/div>\n\t\t\t\t\t<\/div>\n\t\t<\/section>\n\t\t\t\t<section class=\"elementor-section elementor-top-section elementor-element elementor-element-c94fa8e elementor-section-boxed elementor-section-height-default elementor-section-height-default\" data-id=\"c94fa8e\" data-element_type=\"section\" data-e-type=\"section\">\n\t\t\t\t\t\t<div class=\"elementor-container elementor-column-gap-default\">\n\t\t\t\t\t<div class=\"elementor-column elementor-col-100 elementor-top-column elementor-element elementor-element-4ef27cc\" data-id=\"4ef27cc\" data-element_type=\"column\" data-e-type=\"column\">\n\t\t\t<div class=\"elementor-widget-wrap elementor-element-populated\">\n\t\t\t\t\t\t<div class=\"elementor-element elementor-element-1b9a26a elementor-widget elementor-widget-text-editor\" data-id=\"1b9a26a\" data-element_type=\"widget\" data-e-type=\"widget\" data-widget_type=\"text-editor.default\">\n\t\t\t\t<div class=\"elementor-widget-container\">\n\t\t\t\t\t\t\t\t\t<p><strong>U10 \u2013 E2 &#8211; Jugend:<\/strong><br \/>Ganz knapp den Titel verpasst, aber ein super 2. Platz! Schweinheim dominierte den Rest der Stadt, Gl\u00fcckwunsch an den BSC zum Turniersieg!<br \/>TVS \u2013 SV Vatan Spor\u00a0 \u00a0 \u00a0 \u00a03:0<br \/>TVS \u2013 SG Strietwald\u00a0 \u00a0 \u00a0 \u00a011:0<br \/>TVS \u2013 DjK\/TuS Leider\u00a0 \u00a0 \u00a0 3:0<br \/>TVS \u2013 BSC Schweinheim 0:1<br \/>TVS \u2013 Teutonia Obernau 3:1<\/p>\t\t\t\t\t\t\t\t<\/div>\n\t\t\t\t<\/div>\n\t\t\t\t\t<\/div>\n\t\t<\/div>\n\t\t\t\t\t<\/div>\n\t\t<\/section>\n\t\t\t\t<section class=\"elementor-section elementor-top-section elementor-element elementor-element-589111e elementor-section-boxed elementor-section-height-default elementor-section-height-default\" data-id=\"589111e\" data-element_type=\"section\" data-e-type=\"section\">\n\t\t\t\t\t\t<div class=\"elementor-container elementor-column-gap-default\">\n\t\t\t\t\t<div class=\"elementor-column elementor-col-100 elementor-top-column elementor-element elementor-element-66a15d4\" data-id=\"66a15d4\" data-element_type=\"column\" data-e-type=\"column\">\n\t\t\t<div class=\"elementor-widget-wrap elementor-element-populated\">\n\t\t\t\t\t\t<div class=\"elementor-element elementor-element-0017077 elementor-widget elementor-widget-image\" data-id=\"0017077\" data-element_type=\"widget\" data-e-type=\"widget\" data-widget_type=\"image.default\">\n\t\t\t\t<div class=\"elementor-widget-container\">\n\t\t\t\t\t\t\t\t\t\t\t\t\t\t\t<img loading=\"lazy\" decoding=\"async\" width=\"1024\" height=\"719\" src=\"https:\/\/www.tv-schweinheim.de\/wp\/wp-content\/uploads\/2024\/01\/U10EHSM-1024x719.jpg\" class=\"attachment-large size-large wp-image-12511\" alt=\"\" srcset=\"https:\/\/www.tv-schweinheim.de\/wp\/wp-content\/uploads\/2024\/01\/U10EHSM-1024x719.jpg 1024w, https:\/\/www.tv-schweinheim.de\/wp\/wp-content\/uploads\/2024\/01\/U10EHSM-300x211.jpg 300w, https:\/\/www.tv-schweinheim.de\/wp\/wp-content\/uploads\/2024\/01\/U10EHSM-768x539.jpg 768w, https:\/\/www.tv-schweinheim.de\/wp\/wp-content\/uploads\/2024\/01\/U10EHSM.jpg 1474w\" sizes=\"(max-width: 1024px) 100vw, 1024px\" \/>\t\t\t\t\t\t\t\t\t\t\t\t\t\t\t<\/div>\n\t\t\t\t<\/div>\n\t\t\t\t\t<\/div>\n\t\t<\/div>\n\t\t\t\t\t<\/div>\n\t\t<\/section>\n\t\t\t\t<section class=\"elementor-section elementor-top-section elementor-element elementor-element-25e1c97 elementor-section-boxed elementor-section-height-default elementor-section-height-default\" data-id=\"25e1c97\" data-element_type=\"section\" data-e-type=\"section\">\n\t\t\t\t\t\t<div class=\"elementor-container elementor-column-gap-default\">\n\t\t\t\t\t<div class=\"elementor-column elementor-col-100 elementor-top-column elementor-element elementor-element-7072d13\" data-id=\"7072d13\" data-element_type=\"column\" data-e-type=\"column\">\n\t\t\t<div class=\"elementor-widget-wrap elementor-element-populated\">\n\t\t\t\t\t\t<div class=\"elementor-element elementor-element-a7f4f99 elementor-widget elementor-widget-text-editor\" data-id=\"a7f4f99\" data-element_type=\"widget\" data-e-type=\"widget\" data-widget_type=\"text-editor.default\">\n\t\t\t\t<div class=\"elementor-widget-container\">\n\t\t\t\t\t\t\t\t\t<p>Gemeinsames Siegerfoto der beiden Erstplatzierten!<\/p><p><strong>U9 \u2013 F1 \u2013 Jugend:<\/strong><br \/>Bei der U9, traten sieben Teams traten im Liga \u2013 Modus gegeneinander an. Der TVS landete mit vier Punkten auf dem f\u00fcnften Platz.<br \/>TVS \u2013 BSC Schweinheim\u00a0 \u00a0 \u00a01:2<br \/>TVS \u2013 DjK\/TuS Leider\u00a0 \u00a0 \u00a0 \u00a0 \u00a0 4:0<br \/>TVS \u2013 Obernau\u00a0 \u00a0 \u00a0 \u00a0 \u00a0 \u00a0 \u00a0 \u00a0 \u00a0 \u00a0 \u00a00:2<br \/>TVS \u2013 SG Strietwald\u00a0 \u00a0 \u00a0 \u00a0 \u00a0 \u00a0 0:1<br \/>TVS \u2013 TV Aschaffenburg\u00a0 \u00a0 \u00a04:1<br \/>TVS \u2013 Vatan Spor\u00a0 \u00a0 \u00a0 \u00a0 \u00a0 \u00a0 \u00a0 \u00a0 0:4<br \/>Halbfinale:<br \/>TVS \u2013 Viktoria Aschaffenburg 0:2<br \/>Spiel um 3. Platz<br \/>TVS \u2013 BSC Schweinheim\u00a0 \u00a0 0:3<\/p>\t\t\t\t\t\t\t\t<\/div>\n\t\t\t\t<\/div>\n\t\t\t\t\t<\/div>\n\t\t<\/div>\n\t\t\t\t\t<\/div>\n\t\t<\/section>\n\t\t\t\t<section class=\"elementor-section elementor-top-section elementor-element elementor-element-c138ad0 elementor-section-boxed elementor-section-height-default elementor-section-height-default\" data-id=\"c138ad0\" data-element_type=\"section\" data-e-type=\"section\">\n\t\t\t\t\t\t<div class=\"elementor-container elementor-column-gap-default\">\n\t\t\t\t\t<div class=\"elementor-column elementor-col-100 elementor-top-column elementor-element elementor-element-9fd03ca\" data-id=\"9fd03ca\" data-element_type=\"column\" data-e-type=\"column\">\n\t\t\t<div class=\"elementor-widget-wrap elementor-element-populated\">\n\t\t\t\t\t\t<div class=\"elementor-element elementor-element-08b70da elementor-widget elementor-widget-image\" data-id=\"08b70da\" data-element_type=\"widget\" data-e-type=\"widget\" data-widget_type=\"image.default\">\n\t\t\t\t<div class=\"elementor-widget-container\">\n\t\t\t\t\t\t\t\t\t\t\t\t\t\t\t<img loading=\"lazy\" decoding=\"async\" width=\"1024\" height=\"723\" src=\"https:\/\/www.tv-schweinheim.de\/wp\/wp-content\/uploads\/2024\/01\/U9EHSM-1024x723.jpg\" class=\"attachment-large size-large wp-image-12515\" alt=\"\" srcset=\"https:\/\/www.tv-schweinheim.de\/wp\/wp-content\/uploads\/2024\/01\/U9EHSM-1024x723.jpg 1024w, https:\/\/www.tv-schweinheim.de\/wp\/wp-content\/uploads\/2024\/01\/U9EHSM-300x212.jpg 300w, https:\/\/www.tv-schweinheim.de\/wp\/wp-content\/uploads\/2024\/01\/U9EHSM-768x542.jpg 768w, https:\/\/www.tv-schweinheim.de\/wp\/wp-content\/uploads\/2024\/01\/U9EHSM.jpg 1285w\" sizes=\"(max-width: 1024px) 100vw, 1024px\" \/>\t\t\t\t\t\t\t\t\t\t\t\t\t\t\t<\/div>\n\t\t\t\t<\/div>\n\t\t\t\t\t<\/div>\n\t\t<\/div>\n\t\t\t\t\t<\/div>\n\t\t<\/section>\n\t\t\t\t<section class=\"elementor-section elementor-top-section elementor-element elementor-element-5638141 elementor-section-boxed elementor-section-height-default elementor-section-height-default\" data-id=\"5638141\" data-element_type=\"section\" data-e-type=\"section\">\n\t\t\t\t\t\t<div class=\"elementor-container elementor-column-gap-default\">\n\t\t\t\t\t<div class=\"elementor-column elementor-col-100 elementor-top-column elementor-element elementor-element-f27e7ea\" data-id=\"f27e7ea\" data-element_type=\"column\" data-e-type=\"column\">\n\t\t\t<div class=\"elementor-widget-wrap elementor-element-populated\">\n\t\t\t\t\t\t<div class=\"elementor-element elementor-element-8a2b785 elementor-widget elementor-widget-text-editor\" data-id=\"8a2b785\" data-element_type=\"widget\" data-e-type=\"widget\" data-widget_type=\"text-editor.default\">\n\t\t\t\t<div class=\"elementor-widget-container\">\n\t\t\t\t\t\t\t\t\t<p><strong>U8 \u2013 F2 \u2013 Jugend:<\/strong><br \/><strong>Die U8 ist Double Stadtmeister 2023\/2024!!!<\/strong><br \/>Unsere Jungs der U8 bestritten am 02.01.2024 ihre Stadtmeisterschaft vor heimischem Publikum im Ligamodus und traten gegen vier Mannschaften aus dem Raum Aschaffenburg an. Die Gegner des TVS waren der BSC Schweinheim, SG Strietwald, DJK-TuS Leider und der SV Vatan Spor Aschaffenburg.<br \/>Unsere F2 gewann das erste interne Duell mit 5:0. Danach hie\u00df der Gegner SV Vatan Spor Aschaffenburg. Hier merkte man schnell die Klasse der Gegner, die fr\u00fch in F\u00fchrung gingen. Durch gro\u00dfen Kampfgeist und effektivem Passspiel konnte der TVS aber die Partie drehen<br \/>und gewann verdient mit 4:3. Als n\u00e4chstes folgte das Derby gegen unsere Nachbarn des BSC. Dieses gewann man ebenfalls mit 4:1 und traf nun auf den im Titelkampf direkten Gegner, DJK- TuS Leider. Dieses \u201cEndspiel\u201d gewann der TVS mit 3:1 und sicherte sich somit vorzeitig den Hallen-Stadtmeistertitel. Ungeschlagen ging man am Ende aus dem Turnier und man verteidigte den Feldstadtmeisterschaft- Sieg aus dem Sommer.\u00a0 \u00a0 \u00a0 \u00a0 Klasse Leistung Jungs!!!<br \/>F\u00fcr den TVS spielten: Toni He\u00dfler, Marvin Richartz, Thiago Arias Cardenas, Elias Br\u00fchler, Ismail Der, Mirco Herrmann, Oskar Busker, Emil Macek, Mischa Opara und Liam Keller.<br \/><strong>Ergebnisse:<\/strong><br \/>TVS 1 vs. TVS 2: 5:0\u00a0 \u00a0 \u00a0 \u00a0 \u00a0 \u00a0 \u00a0 \u00a0 Tore: Thiago Arias Cardenas (2), Marvin Richartz, Elias Br\u00fchler, Emil Macek<\/p><p>TVS vs. SV Vatan Spor 4:3\u00a0 \u00a0 \u00a0Tore: Marvin Richartz (2), Thiago Arias Cardenas, Ismail Der<br \/>TVS vs. BSC 4:1\u00a0 \u00a0 \u00a0 \u00a0 \u00a0 \u00a0 \u00a0 \u00a0 \u00a0 \u00a0 \u00a0 \u00a0Tore: Marvin Richartz (2), Ismail Der (2)<br \/>TVS vs. DJK-TuS Leider 3:1\u00a0 \u00a0Tore: Elias Br\u00fchler (2), Marvin Richartz<br \/>TVS vs. SG Strietwald 2:1\u00a0 \u00a0 \u00a0Tore: Thiago Arias Cardenas, Ismail Der<\/p>\t\t\t\t\t\t\t\t<\/div>\n\t\t\t\t<\/div>\n\t\t\t\t\t<\/div>\n\t\t<\/div>\n\t\t\t\t\t<\/div>\n\t\t<\/section>\n\t\t\t\t<section class=\"elementor-section elementor-top-section elementor-element elementor-element-5967f6e elementor-section-boxed elementor-section-height-default elementor-section-height-default\" data-id=\"5967f6e\" data-element_type=\"section\" data-e-type=\"section\">\n\t\t\t\t\t\t<div class=\"elementor-container elementor-column-gap-default\">\n\t\t\t\t\t<div class=\"elementor-column elementor-col-100 elementor-top-column elementor-element elementor-element-65c5e6e\" data-id=\"65c5e6e\" data-element_type=\"column\" data-e-type=\"column\">\n\t\t\t<div class=\"elementor-widget-wrap elementor-element-populated\">\n\t\t\t\t\t\t<div class=\"elementor-element elementor-element-ca3bc51 elementor-widget elementor-widget-image\" data-id=\"ca3bc51\" data-element_type=\"widget\" data-e-type=\"widget\" data-widget_type=\"image.default\">\n\t\t\t\t<div class=\"elementor-widget-container\">\n\t\t\t\t\t\t\t\t\t\t\t\t\t\t\t<img loading=\"lazy\" decoding=\"async\" width=\"1024\" height=\"704\" src=\"https:\/\/www.tv-schweinheim.de\/wp\/wp-content\/uploads\/2024\/01\/U8EHSM-1024x704.jpg\" class=\"attachment-large size-large wp-image-12517\" alt=\"\" srcset=\"https:\/\/www.tv-schweinheim.de\/wp\/wp-content\/uploads\/2024\/01\/U8EHSM-1024x704.jpg 1024w, https:\/\/www.tv-schweinheim.de\/wp\/wp-content\/uploads\/2024\/01\/U8EHSM-300x206.jpg 300w, https:\/\/www.tv-schweinheim.de\/wp\/wp-content\/uploads\/2024\/01\/U8EHSM-768x528.jpg 768w, https:\/\/www.tv-schweinheim.de\/wp\/wp-content\/uploads\/2024\/01\/U8EHSM-1536x1056.jpg 1536w, https:\/\/www.tv-schweinheim.de\/wp\/wp-content\/uploads\/2024\/01\/U8EHSM.jpg 1720w\" sizes=\"(max-width: 1024px) 100vw, 1024px\" \/>\t\t\t\t\t\t\t\t\t\t\t\t\t\t\t<\/div>\n\t\t\t\t<\/div>\n\t\t\t\t\t<\/div>\n\t\t<\/div>\n\t\t\t\t\t<\/div>\n\t\t<\/section>\n\t\t\t\t<section class=\"elementor-section elementor-top-section elementor-element elementor-element-ed526af elementor-section-boxed elementor-section-height-default elementor-section-height-default\" data-id=\"ed526af\" data-element_type=\"section\" data-e-type=\"section\">\n\t\t\t\t\t\t<div class=\"elementor-container elementor-column-gap-default\">\n\t\t\t\t\t<div class=\"elementor-column elementor-col-100 elementor-top-column elementor-element elementor-element-48fd1ea\" data-id=\"48fd1ea\" data-element_type=\"column\" data-e-type=\"column\">\n\t\t\t<div class=\"elementor-widget-wrap elementor-element-populated\">\n\t\t\t\t\t\t<div class=\"elementor-element elementor-element-19b1174 elementor-widget elementor-widget-text-editor\" data-id=\"19b1174\" data-element_type=\"widget\" data-e-type=\"widget\" data-widget_type=\"text-editor.default\">\n\t\t\t\t<div class=\"elementor-widget-container\">\n\t\t\t\t\t\t\t\t\t<p>Die Stadtmeister!<\/p>\t\t\t\t\t\t\t\t<\/div>\n\t\t\t\t<\/div>\n\t\t\t\t\t<\/div>\n\t\t<\/div>\n\t\t\t\t\t<\/div>\n\t\t<\/section>\n\t\t\t\t<section class=\"elementor-section elementor-top-section elementor-element elementor-element-d46b35c elementor-section-boxed elementor-section-height-default elementor-section-height-default\" data-id=\"d46b35c\" data-element_type=\"section\" data-e-type=\"section\">\n\t\t\t\t\t\t<div class=\"elementor-container elementor-column-gap-default\">\n\t\t\t\t\t<div class=\"elementor-column elementor-col-100 elementor-top-column elementor-element elementor-element-633e521\" data-id=\"633e521\" data-element_type=\"column\" data-e-type=\"column\">\n\t\t\t<div class=\"elementor-widget-wrap elementor-element-populated\">\n\t\t\t\t\t\t<div class=\"elementor-element elementor-element-42a02dc elementor-widget elementor-widget-image\" data-id=\"42a02dc\" data-element_type=\"widget\" data-e-type=\"widget\" data-widget_type=\"image.default\">\n\t\t\t\t<div class=\"elementor-widget-container\">\n\t\t\t\t\t\t\t\t\t\t\t\t\t\t\t<img loading=\"lazy\" decoding=\"async\" width=\"1024\" height=\"685\" src=\"https:\/\/www.tv-schweinheim.de\/wp\/wp-content\/uploads\/2024\/01\/U8ZWEI-1024x685.jpg\" class=\"attachment-large size-large wp-image-12516\" alt=\"\" srcset=\"https:\/\/www.tv-schweinheim.de\/wp\/wp-content\/uploads\/2024\/01\/U8ZWEI-1024x685.jpg 1024w, https:\/\/www.tv-schweinheim.de\/wp\/wp-content\/uploads\/2024\/01\/U8ZWEI-300x201.jpg 300w, https:\/\/www.tv-schweinheim.de\/wp\/wp-content\/uploads\/2024\/01\/U8ZWEI-768x514.jpg 768w, https:\/\/www.tv-schweinheim.de\/wp\/wp-content\/uploads\/2024\/01\/U8ZWEI-1536x1028.jpg 1536w, https:\/\/www.tv-schweinheim.de\/wp\/wp-content\/uploads\/2024\/01\/U8ZWEI-2048x1371.jpg 2048w\" sizes=\"(max-width: 1024px) 100vw, 1024px\" \/>\t\t\t\t\t\t\t\t\t\t\t\t\t\t\t<\/div>\n\t\t\t\t<\/div>\n\t\t\t\t\t<\/div>\n\t\t<\/div>\n\t\t\t\t\t<\/div>\n\t\t<\/section>\n\t\t\t\t<section class=\"elementor-section elementor-top-section elementor-element elementor-element-a7d461d elementor-section-boxed elementor-section-height-default elementor-section-height-default\" data-id=\"a7d461d\" data-element_type=\"section\" data-e-type=\"section\">\n\t\t\t\t\t\t<div class=\"elementor-container elementor-column-gap-default\">\n\t\t\t\t\t<div class=\"elementor-column elementor-col-100 elementor-top-column elementor-element elementor-element-06f5fa1\" data-id=\"06f5fa1\" data-element_type=\"column\" data-e-type=\"column\">\n\t\t\t<div class=\"elementor-widget-wrap elementor-element-populated\">\n\t\t\t\t\t\t<div class=\"elementor-element elementor-element-c33abcf elementor-widget elementor-widget-text-editor\" data-id=\"c33abcf\" data-element_type=\"widget\" data-e-type=\"widget\" data-widget_type=\"text-editor.default\">\n\t\t\t\t<div class=\"elementor-widget-container\">\n\t\t\t\t\t\t\t\t\t<p>Die zweite TVS \u2013 Team der U8<\/p><p><strong>U7 \u2013 G1 \u2013 Jugend:<\/strong><br \/>Bei der G \u2013 Jugend wurde mit f\u00fcnf Mannschaften im Liga \u2013 Modus mit Hin \u2013 und R\u00fcckrunde gespielt.<br \/>Mit einer Punktausbeute von elf Punkten landete der TVS auf dem Treppchen (3. Platz).<br \/>Vorrunde:<br \/>TVS \u2013 SG Strietwald\u00a0 \u00a0 \u00a0 \u00a0 \u00a0 \u00a00:0<br \/>TVS \u2013 BSC Schweinheim\u00a0 \u00a00:0<br \/>TVS \u2013 Teutonia Obernau\u00a0 \u00a00:1<br \/>TVS \u2013 DjK\/TuS Leider\u00a0 \u00a0 \u00a0 \u00a0 1:0<\/p><p>R\u00fcckrunde:<br \/>TVS \u2013 SG Strietwald\u00a0 \u00a0 \u00a0 \u00a0 \u00a0 \u00a03:2<br \/>TVS \u2013 BSC Schweinheim\u00a0 \u00a00:1<br \/>TVS \u2013 Teutonia Obernau\u00a0 4:0<br \/>TVS \u2013 DjK\/TuS Leider\u00a0 \u00a0 \u00a0 \u00a0 \u00a01:2<\/p>\t\t\t\t\t\t\t\t<\/div>\n\t\t\t\t<\/div>\n\t\t\t\t\t<\/div>\n\t\t<\/div>\n\t\t\t\t\t<\/div>\n\t\t<\/section>\n\t\t\t\t<section class=\"elementor-section elementor-top-section elementor-element elementor-element-3906876 elementor-section-boxed elementor-section-height-default elementor-section-height-default\" data-id=\"3906876\" data-element_type=\"section\" data-e-type=\"section\">\n\t\t\t\t\t\t<div class=\"elementor-container elementor-column-gap-default\">\n\t\t\t\t\t<div class=\"elementor-column elementor-col-100 elementor-top-column elementor-element elementor-element-0127101\" data-id=\"0127101\" data-element_type=\"column\" data-e-type=\"column\">\n\t\t\t<div class=\"elementor-widget-wrap elementor-element-populated\">\n\t\t\t\t\t\t<div class=\"elementor-element elementor-element-d2fe883 elementor-widget elementor-widget-image\" data-id=\"d2fe883\" data-element_type=\"widget\" data-e-type=\"widget\" data-widget_type=\"image.default\">\n\t\t\t\t<div class=\"elementor-widget-container\">\n\t\t\t\t\t\t\t\t\t\t\t\t\t\t\t<img loading=\"lazy\" decoding=\"async\" width=\"1024\" height=\"328\" src=\"https:\/\/www.tv-schweinheim.de\/wp\/wp-content\/uploads\/2024\/01\/U7EHSM-1024x328.jpg\" class=\"attachment-large size-large wp-image-12518\" alt=\"\" srcset=\"https:\/\/www.tv-schweinheim.de\/wp\/wp-content\/uploads\/2024\/01\/U7EHSM-1024x328.jpg 1024w, https:\/\/www.tv-schweinheim.de\/wp\/wp-content\/uploads\/2024\/01\/U7EHSM-300x96.jpg 300w, https:\/\/www.tv-schweinheim.de\/wp\/wp-content\/uploads\/2024\/01\/U7EHSM-768x246.jpg 768w, https:\/\/www.tv-schweinheim.de\/wp\/wp-content\/uploads\/2024\/01\/U7EHSM-1536x492.jpg 1536w, https:\/\/www.tv-schweinheim.de\/wp\/wp-content\/uploads\/2024\/01\/U7EHSM.jpg 1538w\" sizes=\"(max-width: 1024px) 100vw, 1024px\" \/>\t\t\t\t\t\t\t\t\t\t\t\t\t\t\t<\/div>\n\t\t\t\t<\/div>\n\t\t\t\t\t<\/div>\n\t\t<\/div>\n\t\t\t\t\t<\/div>\n\t\t<\/section>\n\t\t\t\t<section class=\"elementor-section elementor-top-section elementor-element elementor-element-c8bf9d3 elementor-section-boxed elementor-section-height-default elementor-section-height-default\" data-id=\"c8bf9d3\" data-element_type=\"section\" data-e-type=\"section\">\n\t\t\t\t\t\t<div class=\"elementor-container elementor-column-gap-default\">\n\t\t\t\t\t<div class=\"elementor-column elementor-col-100 elementor-top-column elementor-element elementor-element-61d40a9\" data-id=\"61d40a9\" data-element_type=\"column\" data-e-type=\"column\">\n\t\t\t<div class=\"elementor-widget-wrap elementor-element-populated\">\n\t\t\t\t\t\t<div class=\"elementor-element elementor-element-e783f89 elementor-widget elementor-widget-text-editor\" data-id=\"e783f89\" data-element_type=\"widget\" data-e-type=\"widget\" data-widget_type=\"text-editor.default\">\n\t\t\t\t<div class=\"elementor-widget-container\">\n\t\t\t\t\t\t\t\t\t<p><strong>U6 \u2013 G2 \u2013 Jugend:<\/strong><br \/>Auf Grund der wenigen Meldungen machten unsere j\u00fcngsten ein Einlagespiel untereinander.<\/p><p>Der TV Schweinheim bedankt sich bei allen teilnehmenden Teams f\u00fcr viele tolle und faire Duelle und vor allem bei den vielen flei\u00dfigen Helfern ohne die so ein Event gar nicht m\u00f6glich w\u00e4re!<br \/>Vielen Dank liebe TVS \u2013 Crew!<br \/>Bericht KR,ML<\/p>\t\t\t\t\t\t\t\t<\/div>\n\t\t\t\t<\/div>\n\t\t\t\t\t<\/div>\n\t\t<\/div>\n\t\t\t\t\t<\/div>\n\t\t<\/section>\n\t\t\t\t<\/div>\n\t\t","protected":false},"excerpt":{"rendered":"<p>Stadtmeisterschaft in der ErbighalleDer TVS blickt auf eine erfolgreiche Stadtmeisterschaft zur\u00fcck. Wir durften \u00fcber den Zeitraum vom 27.12.2023 \u2013 05.01.2024, sehr viele Zuschauer in der Halle begr\u00fc\u00dfen, die Fu\u00dfball der Extraklasse bewundern durften. Zu den Stammg\u00e4sten vor Ort z\u00e4hlten unter anderem Eric Leiderer (B\u00fcrgermeister), Karlheinz Stegmann (Stadtrat, Vorsitztender Sportverband) und Helmut Maier (Leiter Sportamt), dass&hellip;&nbsp;<a href=\"https:\/\/www.tv-schweinheim.de\/wp\/2024\/01\/08\/fussballjugend-die-schwoijer-19\/\" rel=\"bookmark\">Mehr lesen &raquo;<span class=\"screen-reader-text\">Fu\u00dfballjugend \u2013 Die Schwoijer!<\/span><\/a><\/p>\n","protected":false},"author":1,"featured_media":12512,"comment_status":"closed","ping_status":"open","sticky":false,"template":"","format":"standard","meta":{"_acf_changed":false,"neve_meta_sidebar":"","neve_meta_container":"","neve_meta_enable_content_width":"","neve_meta_content_width":0,"neve_meta_title_alignment":"","neve_meta_author_avatar":"","neve_post_elements_order":"","neve_meta_disable_header":"","neve_meta_disable_footer":"","neve_meta_disable_title":"","neve_meta_reading_time":"","footnotes":""},"categories":[109,1],"tags":[],"class_list":["post-12505","post","type-post","status-publish","format-standard","has-post-thumbnail","hentry","category-fussballjugend","category-vereinsnachrichten"],"acf":[],"yoast_head":"<!-- This site is optimized with the Yoast SEO plugin v27.4 - https:\/\/yoast.com\/product\/yoast-seo-wordpress\/ -->\n<title>Fu\u00dfballjugend \u2013 Die Schwoijer! - Turnverein Schweinheim<\/title>\n<meta name=\"robots\" content=\"index, follow, max-snippet:-1, max-image-preview:large, max-video-preview:-1\" \/>\n<link rel=\"canonical\" href=\"https:\/\/www.tv-schweinheim.de\/wp\/2024\/01\/08\/fussballjugend-die-schwoijer-19\/\" \/>\n<meta property=\"og:locale\" content=\"de_DE\" \/>\n<meta property=\"og:type\" content=\"article\" \/>\n<meta property=\"og:title\" content=\"Fu\u00dfballjugend \u2013 Die Schwoijer! - Turnverein Schweinheim\" \/>\n<meta property=\"og:description\" content=\"Stadtmeisterschaft in der ErbighalleDer TVS blickt auf eine erfolgreiche Stadtmeisterschaft zur\u00fcck. Wir durften \u00fcber den Zeitraum vom 27.12.2023 \u2013 05.01.2024, sehr viele Zuschauer in der Halle begr\u00fc\u00dfen, die Fu\u00dfball der Extraklasse bewundern durften. Zu den Stammg\u00e4sten vor Ort z\u00e4hlten unter anderem Eric Leiderer (B\u00fcrgermeister), Karlheinz Stegmann (Stadtrat, Vorsitztender Sportverband) und Helmut Maier (Leiter Sportamt), dass&hellip;&nbsp;Mehr lesen &raquo;Fu\u00dfballjugend \u2013 Die Schwoijer!\" \/>\n<meta property=\"og:url\" content=\"https:\/\/www.tv-schweinheim.de\/wp\/2024\/01\/08\/fussballjugend-die-schwoijer-19\/\" \/>\n<meta property=\"og:site_name\" content=\"Turnverein Schweinheim\" \/>\n<meta property=\"article:publisher\" content=\"https:\/\/www.facebook.com\/turnvereinschweinheim\/\" \/>\n<meta property=\"article:published_time\" content=\"2024-01-08T20:09:23+00:00\" \/>\n<meta property=\"article:modified_time\" content=\"2024-01-08T20:11:20+00:00\" \/>\n<meta property=\"og:image\" content=\"https:\/\/www.tv-schweinheim.de\/wp\/wp-content\/uploads\/2024\/01\/U6EHSM.jpg\" \/>\n\t<meta property=\"og:image:width\" content=\"1413\" \/>\n\t<meta property=\"og:image:height\" content=\"1097\" \/>\n\t<meta property=\"og:image:type\" content=\"image\/jpeg\" \/>\n<meta name=\"author\" content=\"TV Schweinheim\" \/>\n<meta name=\"twitter:card\" content=\"summary_large_image\" \/>\n<meta name=\"twitter:label1\" content=\"Verfasst von\" \/>\n\t<meta name=\"twitter:data1\" content=\"TV Schweinheim\" \/>\n\t<meta name=\"twitter:label2\" content=\"Gesch\u00e4tzte Lesezeit\" \/>\n\t<meta name=\"twitter:data2\" content=\"7\u00a0Minuten\" \/>\n<script type=\"application\/ld+json\" class=\"yoast-schema-graph\">{\"@context\":\"https:\\\/\\\/schema.org\",\"@graph\":[{\"@type\":\"Article\",\"@id\":\"https:\\\/\\\/www.tv-schweinheim.de\\\/wp\\\/2024\\\/01\\\/08\\\/fussballjugend-die-schwoijer-19\\\/#article\",\"isPartOf\":{\"@id\":\"https:\\\/\\\/www.tv-schweinheim.de\\\/wp\\\/2024\\\/01\\\/08\\\/fussballjugend-die-schwoijer-19\\\/\"},\"author\":{\"name\":\"TV Schweinheim\",\"@id\":\"https:\\\/\\\/www.tv-schweinheim.de\\\/wp\\\/#\\\/schema\\\/person\\\/915ee9d7e551cd0d56482210d3559051\"},\"headline\":\"Fu\u00dfballjugend \u2013 Die Schwoijer!\",\"datePublished\":\"2024-01-08T20:09:23+00:00\",\"dateModified\":\"2024-01-08T20:11:20+00:00\",\"mainEntityOfPage\":{\"@id\":\"https:\\\/\\\/www.tv-schweinheim.de\\\/wp\\\/2024\\\/01\\\/08\\\/fussballjugend-die-schwoijer-19\\\/\"},\"wordCount\":848,\"publisher\":{\"@id\":\"https:\\\/\\\/www.tv-schweinheim.de\\\/wp\\\/#organization\"},\"image\":{\"@id\":\"https:\\\/\\\/www.tv-schweinheim.de\\\/wp\\\/2024\\\/01\\\/08\\\/fussballjugend-die-schwoijer-19\\\/#primaryimage\"},\"thumbnailUrl\":\"https:\\\/\\\/www.tv-schweinheim.de\\\/wp\\\/wp-content\\\/uploads\\\/2024\\\/01\\\/U6EHSM.jpg\",\"articleSection\":[\"Fu\u00dfballjugend\",\"Vereinsnachrichten\"],\"inLanguage\":\"de\"},{\"@type\":\"WebPage\",\"@id\":\"https:\\\/\\\/www.tv-schweinheim.de\\\/wp\\\/2024\\\/01\\\/08\\\/fussballjugend-die-schwoijer-19\\\/\",\"url\":\"https:\\\/\\\/www.tv-schweinheim.de\\\/wp\\\/2024\\\/01\\\/08\\\/fussballjugend-die-schwoijer-19\\\/\",\"name\":\"Fu\u00dfballjugend \u2013 Die Schwoijer! - Turnverein Schweinheim\",\"isPartOf\":{\"@id\":\"https:\\\/\\\/www.tv-schweinheim.de\\\/wp\\\/#website\"},\"primaryImageOfPage\":{\"@id\":\"https:\\\/\\\/www.tv-schweinheim.de\\\/wp\\\/2024\\\/01\\\/08\\\/fussballjugend-die-schwoijer-19\\\/#primaryimage\"},\"image\":{\"@id\":\"https:\\\/\\\/www.tv-schweinheim.de\\\/wp\\\/2024\\\/01\\\/08\\\/fussballjugend-die-schwoijer-19\\\/#primaryimage\"},\"thumbnailUrl\":\"https:\\\/\\\/www.tv-schweinheim.de\\\/wp\\\/wp-content\\\/uploads\\\/2024\\\/01\\\/U6EHSM.jpg\",\"datePublished\":\"2024-01-08T20:09:23+00:00\",\"dateModified\":\"2024-01-08T20:11:20+00:00\",\"breadcrumb\":{\"@id\":\"https:\\\/\\\/www.tv-schweinheim.de\\\/wp\\\/2024\\\/01\\\/08\\\/fussballjugend-die-schwoijer-19\\\/#breadcrumb\"},\"inLanguage\":\"de\",\"potentialAction\":[{\"@type\":\"ReadAction\",\"target\":[\"https:\\\/\\\/www.tv-schweinheim.de\\\/wp\\\/2024\\\/01\\\/08\\\/fussballjugend-die-schwoijer-19\\\/\"]}]},{\"@type\":\"ImageObject\",\"inLanguage\":\"de\",\"@id\":\"https:\\\/\\\/www.tv-schweinheim.de\\\/wp\\\/2024\\\/01\\\/08\\\/fussballjugend-die-schwoijer-19\\\/#primaryimage\",\"url\":\"https:\\\/\\\/www.tv-schweinheim.de\\\/wp\\\/wp-content\\\/uploads\\\/2024\\\/01\\\/U6EHSM.jpg\",\"contentUrl\":\"https:\\\/\\\/www.tv-schweinheim.de\\\/wp\\\/wp-content\\\/uploads\\\/2024\\\/01\\\/U6EHSM.jpg\",\"width\":1413,\"height\":1097},{\"@type\":\"BreadcrumbList\",\"@id\":\"https:\\\/\\\/www.tv-schweinheim.de\\\/wp\\\/2024\\\/01\\\/08\\\/fussballjugend-die-schwoijer-19\\\/#breadcrumb\",\"itemListElement\":[{\"@type\":\"ListItem\",\"position\":1,\"name\":\"Startseite\",\"item\":\"https:\\\/\\\/www.tv-schweinheim.de\\\/wp\\\/\"},{\"@type\":\"ListItem\",\"position\":2,\"name\":\"Fu\u00dfballjugend \u2013 Die Schwoijer!\"}]},{\"@type\":\"WebSite\",\"@id\":\"https:\\\/\\\/www.tv-schweinheim.de\\\/wp\\\/#website\",\"url\":\"https:\\\/\\\/www.tv-schweinheim.de\\\/wp\\\/\",\"name\":\"Turnverein Schweinheim\",\"description\":\"1885 e.V.\",\"publisher\":{\"@id\":\"https:\\\/\\\/www.tv-schweinheim.de\\\/wp\\\/#organization\"},\"potentialAction\":[{\"@type\":\"SearchAction\",\"target\":{\"@type\":\"EntryPoint\",\"urlTemplate\":\"https:\\\/\\\/www.tv-schweinheim.de\\\/wp\\\/?s={search_term_string}\"},\"query-input\":{\"@type\":\"PropertyValueSpecification\",\"valueRequired\":true,\"valueName\":\"search_term_string\"}}],\"inLanguage\":\"de\"},{\"@type\":\"Organization\",\"@id\":\"https:\\\/\\\/www.tv-schweinheim.de\\\/wp\\\/#organization\",\"name\":\"TV Schweinheim\",\"url\":\"https:\\\/\\\/www.tv-schweinheim.de\\\/wp\\\/\",\"logo\":{\"@type\":\"ImageObject\",\"inLanguage\":\"de\",\"@id\":\"https:\\\/\\\/www.tv-schweinheim.de\\\/wp\\\/#\\\/schema\\\/logo\\\/image\\\/\",\"url\":\"https:\\\/\\\/www.tv-schweinheim.de\\\/wp\\\/wp-content\\\/uploads\\\/2020\\\/06\\\/logo.png\",\"contentUrl\":\"https:\\\/\\\/www.tv-schweinheim.de\\\/wp\\\/wp-content\\\/uploads\\\/2020\\\/06\\\/logo.png\",\"width\":152,\"height\":146,\"caption\":\"TV Schweinheim\"},\"image\":{\"@id\":\"https:\\\/\\\/www.tv-schweinheim.de\\\/wp\\\/#\\\/schema\\\/logo\\\/image\\\/\"},\"sameAs\":[\"https:\\\/\\\/www.facebook.com\\\/turnvereinschweinheim\\\/\",\"https:\\\/\\\/www.instagram.com\\\/tv_schweinheim\\\/\"]},{\"@type\":\"Person\",\"@id\":\"https:\\\/\\\/www.tv-schweinheim.de\\\/wp\\\/#\\\/schema\\\/person\\\/915ee9d7e551cd0d56482210d3559051\",\"name\":\"TV Schweinheim\",\"image\":{\"@type\":\"ImageObject\",\"inLanguage\":\"de\",\"@id\":\"https:\\\/\\\/secure.gravatar.com\\\/avatar\\\/cc8d8ce0419cb19a9ea8d6ac28532150268e2dcc375b4224f15f39b3b6ca3675?s=96&d=mm&r=g\",\"url\":\"https:\\\/\\\/secure.gravatar.com\\\/avatar\\\/cc8d8ce0419cb19a9ea8d6ac28532150268e2dcc375b4224f15f39b3b6ca3675?s=96&d=mm&r=g\",\"contentUrl\":\"https:\\\/\\\/secure.gravatar.com\\\/avatar\\\/cc8d8ce0419cb19a9ea8d6ac28532150268e2dcc375b4224f15f39b3b6ca3675?s=96&d=mm&r=g\",\"caption\":\"TV Schweinheim\"},\"url\":\"https:\\\/\\\/www.tv-schweinheim.de\\\/wp\\\/author\\\/superuser\\\/\"}]}<\/script>\n<!-- \/ Yoast SEO plugin. -->","yoast_head_json":{"title":"Fu\u00dfballjugend \u2013 Die Schwoijer! - Turnverein Schweinheim","robots":{"index":"index","follow":"follow","max-snippet":"max-snippet:-1","max-image-preview":"max-image-preview:large","max-video-preview":"max-video-preview:-1"},"canonical":"https:\/\/www.tv-schweinheim.de\/wp\/2024\/01\/08\/fussballjugend-die-schwoijer-19\/","og_locale":"de_DE","og_type":"article","og_title":"Fu\u00dfballjugend \u2013 Die Schwoijer! - Turnverein Schweinheim","og_description":"Stadtmeisterschaft in der ErbighalleDer TVS blickt auf eine erfolgreiche Stadtmeisterschaft zur\u00fcck. Wir durften \u00fcber den Zeitraum vom 27.12.2023 \u2013 05.01.2024, sehr viele Zuschauer in der Halle begr\u00fc\u00dfen, die Fu\u00dfball der Extraklasse bewundern durften. Zu den Stammg\u00e4sten vor Ort z\u00e4hlten unter anderem Eric Leiderer (B\u00fcrgermeister), Karlheinz Stegmann (Stadtrat, Vorsitztender Sportverband) und Helmut Maier (Leiter Sportamt), dass&hellip;&nbsp;Mehr lesen &raquo;Fu\u00dfballjugend \u2013 Die Schwoijer!","og_url":"https:\/\/www.tv-schweinheim.de\/wp\/2024\/01\/08\/fussballjugend-die-schwoijer-19\/","og_site_name":"Turnverein Schweinheim","article_publisher":"https:\/\/www.facebook.com\/turnvereinschweinheim\/","article_published_time":"2024-01-08T20:09:23+00:00","article_modified_time":"2024-01-08T20:11:20+00:00","og_image":[{"width":1413,"height":1097,"url":"https:\/\/www.tv-schweinheim.de\/wp\/wp-content\/uploads\/2024\/01\/U6EHSM.jpg","type":"image\/jpeg"}],"author":"TV Schweinheim","twitter_card":"summary_large_image","twitter_misc":{"Verfasst von":"TV Schweinheim","Gesch\u00e4tzte Lesezeit":"7\u00a0Minuten"},"schema":{"@context":"https:\/\/schema.org","@graph":[{"@type":"Article","@id":"https:\/\/www.tv-schweinheim.de\/wp\/2024\/01\/08\/fussballjugend-die-schwoijer-19\/#article","isPartOf":{"@id":"https:\/\/www.tv-schweinheim.de\/wp\/2024\/01\/08\/fussballjugend-die-schwoijer-19\/"},"author":{"name":"TV Schweinheim","@id":"https:\/\/www.tv-schweinheim.de\/wp\/#\/schema\/person\/915ee9d7e551cd0d56482210d3559051"},"headline":"Fu\u00dfballjugend \u2013 Die Schwoijer!","datePublished":"2024-01-08T20:09:23+00:00","dateModified":"2024-01-08T20:11:20+00:00","mainEntityOfPage":{"@id":"https:\/\/www.tv-schweinheim.de\/wp\/2024\/01\/08\/fussballjugend-die-schwoijer-19\/"},"wordCount":848,"publisher":{"@id":"https:\/\/www.tv-schweinheim.de\/wp\/#organization"},"image":{"@id":"https:\/\/www.tv-schweinheim.de\/wp\/2024\/01\/08\/fussballjugend-die-schwoijer-19\/#primaryimage"},"thumbnailUrl":"https:\/\/www.tv-schweinheim.de\/wp\/wp-content\/uploads\/2024\/01\/U6EHSM.jpg","articleSection":["Fu\u00dfballjugend","Vereinsnachrichten"],"inLanguage":"de"},{"@type":"WebPage","@id":"https:\/\/www.tv-schweinheim.de\/wp\/2024\/01\/08\/fussballjugend-die-schwoijer-19\/","url":"https:\/\/www.tv-schweinheim.de\/wp\/2024\/01\/08\/fussballjugend-die-schwoijer-19\/","name":"Fu\u00dfballjugend \u2013 Die Schwoijer! - Turnverein Schweinheim","isPartOf":{"@id":"https:\/\/www.tv-schweinheim.de\/wp\/#website"},"primaryImageOfPage":{"@id":"https:\/\/www.tv-schweinheim.de\/wp\/2024\/01\/08\/fussballjugend-die-schwoijer-19\/#primaryimage"},"image":{"@id":"https:\/\/www.tv-schweinheim.de\/wp\/2024\/01\/08\/fussballjugend-die-schwoijer-19\/#primaryimage"},"thumbnailUrl":"https:\/\/www.tv-schweinheim.de\/wp\/wp-content\/uploads\/2024\/01\/U6EHSM.jpg","datePublished":"2024-01-08T20:09:23+00:00","dateModified":"2024-01-08T20:11:20+00:00","breadcrumb":{"@id":"https:\/\/www.tv-schweinheim.de\/wp\/2024\/01\/08\/fussballjugend-die-schwoijer-19\/#breadcrumb"},"inLanguage":"de","potentialAction":[{"@type":"ReadAction","target":["https:\/\/www.tv-schweinheim.de\/wp\/2024\/01\/08\/fussballjugend-die-schwoijer-19\/"]}]},{"@type":"ImageObject","inLanguage":"de","@id":"https:\/\/www.tv-schweinheim.de\/wp\/2024\/01\/08\/fussballjugend-die-schwoijer-19\/#primaryimage","url":"https:\/\/www.tv-schweinheim.de\/wp\/wp-content\/uploads\/2024\/01\/U6EHSM.jpg","contentUrl":"https:\/\/www.tv-schweinheim.de\/wp\/wp-content\/uploads\/2024\/01\/U6EHSM.jpg","width":1413,"height":1097},{"@type":"BreadcrumbList","@id":"https:\/\/www.tv-schweinheim.de\/wp\/2024\/01\/08\/fussballjugend-die-schwoijer-19\/#breadcrumb","itemListElement":[{"@type":"ListItem","position":1,"name":"Startseite","item":"https:\/\/www.tv-schweinheim.de\/wp\/"},{"@type":"ListItem","position":2,"name":"Fu\u00dfballjugend \u2013 Die Schwoijer!"}]},{"@type":"WebSite","@id":"https:\/\/www.tv-schweinheim.de\/wp\/#website","url":"https:\/\/www.tv-schweinheim.de\/wp\/","name":"Turnverein Schweinheim","description":"1885 e.V.","publisher":{"@id":"https:\/\/www.tv-schweinheim.de\/wp\/#organization"},"potentialAction":[{"@type":"SearchAction","target":{"@type":"EntryPoint","urlTemplate":"https:\/\/www.tv-schweinheim.de\/wp\/?s={search_term_string}"},"query-input":{"@type":"PropertyValueSpecification","valueRequired":true,"valueName":"search_term_string"}}],"inLanguage":"de"},{"@type":"Organization","@id":"https:\/\/www.tv-schweinheim.de\/wp\/#organization","name":"TV Schweinheim","url":"https:\/\/www.tv-schweinheim.de\/wp\/","logo":{"@type":"ImageObject","inLanguage":"de","@id":"https:\/\/www.tv-schweinheim.de\/wp\/#\/schema\/logo\/image\/","url":"https:\/\/www.tv-schweinheim.de\/wp\/wp-content\/uploads\/2020\/06\/logo.png","contentUrl":"https:\/\/www.tv-schweinheim.de\/wp\/wp-content\/uploads\/2020\/06\/logo.png","width":152,"height":146,"caption":"TV Schweinheim"},"image":{"@id":"https:\/\/www.tv-schweinheim.de\/wp\/#\/schema\/logo\/image\/"},"sameAs":["https:\/\/www.facebook.com\/turnvereinschweinheim\/","https:\/\/www.instagram.com\/tv_schweinheim\/"]},{"@type":"Person","@id":"https:\/\/www.tv-schweinheim.de\/wp\/#\/schema\/person\/915ee9d7e551cd0d56482210d3559051","name":"TV Schweinheim","image":{"@type":"ImageObject","inLanguage":"de","@id":"https:\/\/secure.gravatar.com\/avatar\/cc8d8ce0419cb19a9ea8d6ac28532150268e2dcc375b4224f15f39b3b6ca3675?s=96&d=mm&r=g","url":"https:\/\/secure.gravatar.com\/avatar\/cc8d8ce0419cb19a9ea8d6ac28532150268e2dcc375b4224f15f39b3b6ca3675?s=96&d=mm&r=g","contentUrl":"https:\/\/secure.gravatar.com\/avatar\/cc8d8ce0419cb19a9ea8d6ac28532150268e2dcc375b4224f15f39b3b6ca3675?s=96&d=mm&r=g","caption":"TV Schweinheim"},"url":"https:\/\/www.tv-schweinheim.de\/wp\/author\/superuser\/"}]}},"_links":{"self":[{"href":"https:\/\/www.tv-schweinheim.de\/wp\/wp-json\/wp\/v2\/posts\/12505","targetHints":{"allow":["GET"]}}],"collection":[{"href":"https:\/\/www.tv-schweinheim.de\/wp\/wp-json\/wp\/v2\/posts"}],"about":[{"href":"https:\/\/www.tv-schweinheim.de\/wp\/wp-json\/wp\/v2\/types\/post"}],"author":[{"embeddable":true,"href":"https:\/\/www.tv-schweinheim.de\/wp\/wp-json\/wp\/v2\/users\/1"}],"replies":[{"embeddable":true,"href":"https:\/\/www.tv-schweinheim.de\/wp\/wp-json\/wp\/v2\/comments?post=12505"}],"version-history":[{"count":5,"href":"https:\/\/www.tv-schweinheim.de\/wp\/wp-json\/wp\/v2\/posts\/12505\/revisions"}],"predecessor-version":[{"id":12521,"href":"https:\/\/www.tv-schweinheim.de\/wp\/wp-json\/wp\/v2\/posts\/12505\/revisions\/12521"}],"wp:featuredmedia":[{"embeddable":true,"href":"https:\/\/www.tv-schweinheim.de\/wp\/wp-json\/wp\/v2\/media\/12512"}],"wp:attachment":[{"href":"https:\/\/www.tv-schweinheim.de\/wp\/wp-json\/wp\/v2\/media?parent=12505"}],"wp:term":[{"taxonomy":"category","embeddable":true,"href":"https:\/\/www.tv-schweinheim.de\/wp\/wp-json\/wp\/v2\/categories?post=12505"},{"taxonomy":"post_tag","embeddable":true,"href":"https:\/\/www.tv-schweinheim.de\/wp\/wp-json\/wp\/v2\/tags?post=12505"}],"curies":[{"name":"wp","href":"https:\/\/api.w.org\/{rel}","templated":true}]}}