{"id":13045,"date":"2024-05-19T18:00:54","date_gmt":"2024-05-19T16:00:54","guid":{"rendered":"https:\/\/www.tv-schweinheim.de\/wp\/?p=13045"},"modified":"2024-05-19T18:04:39","modified_gmt":"2024-05-19T16:04:39","slug":"siegerehrung-wettkampf-ranking-2023","status":"publish","type":"post","link":"https:\/\/www.tv-schweinheim.de\/wp\/2024\/05\/19\/siegerehrung-wettkampf-ranking-2023\/","title":{"rendered":"Siegerehrung Wettkampf-Ranking 2023"},"content":{"rendered":"\t\t<div data-elementor-type=\"wp-post\" data-elementor-id=\"13045\" class=\"elementor elementor-13045\">\n\t\t\t\t\t\t<section class=\"elementor-section elementor-top-section elementor-element elementor-element-13574a5 elementor-section-boxed elementor-section-height-default elementor-section-height-default\" data-id=\"13574a5\" data-element_type=\"section\" data-e-type=\"section\">\n\t\t\t\t\t\t<div class=\"elementor-container elementor-column-gap-default\">\n\t\t\t\t\t<div class=\"elementor-column elementor-col-100 elementor-top-column elementor-element elementor-element-e82b2cf\" data-id=\"e82b2cf\" data-element_type=\"column\" data-e-type=\"column\">\n\t\t\t<div class=\"elementor-widget-wrap elementor-element-populated\">\n\t\t\t\t\t\t<div class=\"elementor-element elementor-element-daa69b7 elementor-widget elementor-widget-text-editor\" data-id=\"daa69b7\" data-element_type=\"widget\" data-e-type=\"widget\" data-widget_type=\"text-editor.default\">\n\t\t\t\t<div class=\"elementor-widget-container\">\n\t\t\t\t\t\t\t\t\t<p>Am Montag, den 29.04.2024 wurden, im Rahmen der Verleihung der Jugendsportabzeichen, auch die Kinder und Jugendlichen der Leichtathletik-Abteilung mit besonders vielen Wettk\u00e4mpfen geehrt. Es gab eine Urkunde, etwas S\u00fc\u00dfes und einen Gutschein.<br \/>Die Wettkampfsaison 2024 ist in vollem Gange. Wir sind gespannt, wer dieses Jahr das Rennen macht!<\/p><p>14 Wettkampfteilnahmen: Anna Grzella, Ben Czirnich<br \/>12 Wettkampfteilnahmen: Lotta Brandenbusch, Henrik Jakob<br \/>11 Wettkampfteilnahmen: Paula Dieser, Pauline St\u00fcrmer<br \/>10 Wettkampfteilnahmen: Katharina Nagel<br \/>9 Wettkampfteilnahmen: Madita Veith<br \/>8 Wettkampfteilnahmen: Urs Fischer<br \/>7 Wettkampfteilnahmen: Malia Staudt, Anna Czirnich, Jonathan Busch, Mats Czirnich<br \/>6 Wettkampfteilnahmen: Hannah Veith, Martha Veith, Lukas B\u00fcrki, Anton Els\u00e4sser, Tom<br \/>Hartmann, Jannis Jakob, Severin Wehrmann<br \/>5 Wettkampfteilnahmen: Adele Wehrmann<\/p><p>Bericht: B.Busch<\/p>\t\t\t\t\t\t\t\t<\/div>\n\t\t\t\t<\/div>\n\t\t\t\t\t<\/div>\n\t\t<\/div>\n\t\t\t\t\t<\/div>\n\t\t<\/section>\n\t\t\t\t<section class=\"elementor-section elementor-top-section elementor-element elementor-element-5cefdee elementor-section-boxed elementor-section-height-default elementor-section-height-default\" data-id=\"5cefdee\" data-element_type=\"section\" data-e-type=\"section\">\n\t\t\t\t\t\t<div class=\"elementor-container elementor-column-gap-default\">\n\t\t\t\t\t<div class=\"elementor-column elementor-col-100 elementor-top-column elementor-element elementor-element-db2d331\" data-id=\"db2d331\" data-element_type=\"column\" data-e-type=\"column\">\n\t\t\t<div class=\"elementor-widget-wrap elementor-element-populated\">\n\t\t\t\t\t\t<div class=\"elementor-element elementor-element-c71d27b elementor-widget elementor-widget-image\" data-id=\"c71d27b\" data-element_type=\"widget\" data-e-type=\"widget\" data-widget_type=\"image.default\">\n\t\t\t\t<div class=\"elementor-widget-container\">\n\t\t\t\t\t\t\t\t\t\t\t\t\t\t\t<img fetchpriority=\"high\" decoding=\"async\" width=\"972\" height=\"1024\" src=\"https:\/\/www.tv-schweinheim.de\/wp\/wp-content\/uploads\/2024\/05\/2024_04-Wettkampf_Ranking-Foto-3-1-972x1024.jpg\" class=\"attachment-large size-large wp-image-13049\" alt=\"\" srcset=\"https:\/\/www.tv-schweinheim.de\/wp\/wp-content\/uploads\/2024\/05\/2024_04-Wettkampf_Ranking-Foto-3-1-972x1024.jpg 972w, https:\/\/www.tv-schweinheim.de\/wp\/wp-content\/uploads\/2024\/05\/2024_04-Wettkampf_Ranking-Foto-3-1-285x300.jpg 285w, https:\/\/www.tv-schweinheim.de\/wp\/wp-content\/uploads\/2024\/05\/2024_04-Wettkampf_Ranking-Foto-3-1-768x809.jpg 768w, https:\/\/www.tv-schweinheim.de\/wp\/wp-content\/uploads\/2024\/05\/2024_04-Wettkampf_Ranking-Foto-3-1.jpg 1215w\" sizes=\"(max-width: 972px) 100vw, 972px\" \/>\t\t\t\t\t\t\t\t\t\t\t\t\t\t\t<\/div>\n\t\t\t\t<\/div>\n\t\t\t\t\t<\/div>\n\t\t<\/div>\n\t\t\t\t\t<\/div>\n\t\t<\/section>\n\t\t\t\t<section class=\"elementor-section elementor-top-section elementor-element elementor-element-71a3810 elementor-section-boxed elementor-section-height-default elementor-section-height-default\" data-id=\"71a3810\" data-element_type=\"section\" data-e-type=\"section\">\n\t\t\t\t\t\t<div class=\"elementor-container elementor-column-gap-default\">\n\t\t\t\t\t<div class=\"elementor-column elementor-col-100 elementor-top-column elementor-element elementor-element-bf5fc99\" data-id=\"bf5fc99\" data-element_type=\"column\" data-e-type=\"column\">\n\t\t\t<div class=\"elementor-widget-wrap elementor-element-populated\">\n\t\t\t\t\t\t<div class=\"elementor-element elementor-element-b3e824e elementor-widget elementor-widget-image\" data-id=\"b3e824e\" data-element_type=\"widget\" data-e-type=\"widget\" data-widget_type=\"image.default\">\n\t\t\t\t<div class=\"elementor-widget-container\">\n\t\t\t\t\t\t\t\t\t\t\t\t\t\t\t<img decoding=\"async\" width=\"1024\" height=\"838\" src=\"https:\/\/www.tv-schweinheim.de\/wp\/wp-content\/uploads\/2024\/05\/2024_04-Wettkampf_Ranking-Foto-1-1-1024x838.jpg\" class=\"attachment-large size-large wp-image-13048\" alt=\"\" srcset=\"https:\/\/www.tv-schweinheim.de\/wp\/wp-content\/uploads\/2024\/05\/2024_04-Wettkampf_Ranking-Foto-1-1-1024x838.jpg 1024w, https:\/\/www.tv-schweinheim.de\/wp\/wp-content\/uploads\/2024\/05\/2024_04-Wettkampf_Ranking-Foto-1-1-300x246.jpg 300w, https:\/\/www.tv-schweinheim.de\/wp\/wp-content\/uploads\/2024\/05\/2024_04-Wettkampf_Ranking-Foto-1-1-768x629.jpg 768w, https:\/\/www.tv-schweinheim.de\/wp\/wp-content\/uploads\/2024\/05\/2024_04-Wettkampf_Ranking-Foto-1-1.jpg 1280w\" sizes=\"(max-width: 1024px) 100vw, 1024px\" \/>\t\t\t\t\t\t\t\t\t\t\t\t\t\t\t<\/div>\n\t\t\t\t<\/div>\n\t\t\t\t\t<\/div>\n\t\t<\/div>\n\t\t\t\t\t<\/div>\n\t\t<\/section>\n\t\t\t\t<section class=\"elementor-section elementor-top-section elementor-element elementor-element-80fae80 elementor-section-boxed elementor-section-height-default elementor-section-height-default\" data-id=\"80fae80\" data-element_type=\"section\" data-e-type=\"section\">\n\t\t\t\t\t\t<div class=\"elementor-container elementor-column-gap-default\">\n\t\t\t\t\t<div class=\"elementor-column elementor-col-100 elementor-top-column elementor-element elementor-element-1cc32c2\" data-id=\"1cc32c2\" data-element_type=\"column\" data-e-type=\"column\">\n\t\t\t<div class=\"elementor-widget-wrap elementor-element-populated\">\n\t\t\t\t\t\t<div class=\"elementor-element elementor-element-0698203 elementor-widget elementor-widget-image\" data-id=\"0698203\" data-element_type=\"widget\" data-e-type=\"widget\" data-widget_type=\"image.default\">\n\t\t\t\t<div class=\"elementor-widget-container\">\n\t\t\t\t\t\t\t\t\t\t\t\t\t\t\t<img decoding=\"async\" width=\"768\" height=\"1024\" src=\"https:\/\/www.tv-schweinheim.de\/wp\/wp-content\/uploads\/2024\/05\/2024_04-Wettkampf_Ranking-Foto-4-1-768x1024.jpg\" class=\"attachment-large size-large wp-image-13046\" alt=\"\" srcset=\"https:\/\/www.tv-schweinheim.de\/wp\/wp-content\/uploads\/2024\/05\/2024_04-Wettkampf_Ranking-Foto-4-1-768x1024.jpg 768w, https:\/\/www.tv-schweinheim.de\/wp\/wp-content\/uploads\/2024\/05\/2024_04-Wettkampf_Ranking-Foto-4-1-225x300.jpg 225w, https:\/\/www.tv-schweinheim.de\/wp\/wp-content\/uploads\/2024\/05\/2024_04-Wettkampf_Ranking-Foto-4-1.jpg 960w\" sizes=\"(max-width: 768px) 100vw, 768px\" \/>\t\t\t\t\t\t\t\t\t\t\t\t\t\t\t<\/div>\n\t\t\t\t<\/div>\n\t\t\t\t\t<\/div>\n\t\t<\/div>\n\t\t\t\t\t<\/div>\n\t\t<\/section>\n\t\t\t\t<\/div>\n\t\t","protected":false},"excerpt":{"rendered":"<p>Am Montag, den 29.04.2024 wurden, im Rahmen der Verleihung der Jugendsportabzeichen, auch die Kinder und Jugendlichen der Leichtathletik-Abteilung mit besonders vielen Wettk\u00e4mpfen geehrt. Es gab eine Urkunde, etwas S\u00fc\u00dfes und einen Gutschein.Die Wettkampfsaison 2024 ist in vollem Gange. Wir sind gespannt, wer dieses Jahr das Rennen macht! 14 Wettkampfteilnahmen: Anna Grzella, Ben Czirnich12 Wettkampfteilnahmen: Lotta&hellip;&nbsp;<a href=\"https:\/\/www.tv-schweinheim.de\/wp\/2024\/05\/19\/siegerehrung-wettkampf-ranking-2023\/\" rel=\"bookmark\">Mehr lesen &raquo;<span class=\"screen-reader-text\">Siegerehrung Wettkampf-Ranking 2023<\/span><\/a><\/p>\n","protected":false},"author":1,"featured_media":13047,"comment_status":"closed","ping_status":"open","sticky":false,"template":"","format":"standard","meta":{"_acf_changed":false,"neve_meta_sidebar":"","neve_meta_container":"","neve_meta_enable_content_width":"","neve_meta_content_width":0,"neve_meta_title_alignment":"","neve_meta_author_avatar":"","neve_post_elements_order":"","neve_meta_disable_header":"","neve_meta_disable_footer":"","neve_meta_disable_title":"","neve_meta_reading_time":"","footnotes":""},"categories":[107,1],"tags":[],"class_list":["post-13045","post","type-post","status-publish","format-standard","has-post-thumbnail","hentry","category-leichtathletik","category-vereinsnachrichten"],"acf":[],"yoast_head":"<!-- This site is optimized with the Yoast SEO plugin v27.4 - https:\/\/yoast.com\/product\/yoast-seo-wordpress\/ -->\n<title>Siegerehrung Wettkampf-Ranking 2023 - Turnverein Schweinheim<\/title>\n<meta name=\"robots\" content=\"index, follow, max-snippet:-1, max-image-preview:large, max-video-preview:-1\" \/>\n<link rel=\"canonical\" href=\"https:\/\/www.tv-schweinheim.de\/wp\/2024\/05\/19\/siegerehrung-wettkampf-ranking-2023\/\" \/>\n<meta property=\"og:locale\" content=\"de_DE\" \/>\n<meta property=\"og:type\" content=\"article\" \/>\n<meta property=\"og:title\" content=\"Siegerehrung Wettkampf-Ranking 2023 - Turnverein Schweinheim\" \/>\n<meta property=\"og:description\" content=\"Am Montag, den 29.04.2024 wurden, im Rahmen der Verleihung der Jugendsportabzeichen, auch die Kinder und Jugendlichen der Leichtathletik-Abteilung mit besonders vielen Wettk\u00e4mpfen geehrt. Es gab eine Urkunde, etwas S\u00fc\u00dfes und einen Gutschein.Die Wettkampfsaison 2024 ist in vollem Gange. Wir sind gespannt, wer dieses Jahr das Rennen macht! 14 Wettkampfteilnahmen: Anna Grzella, Ben Czirnich12 Wettkampfteilnahmen: Lotta&hellip;&nbsp;Mehr lesen &raquo;Siegerehrung Wettkampf-Ranking 2023\" \/>\n<meta property=\"og:url\" content=\"https:\/\/www.tv-schweinheim.de\/wp\/2024\/05\/19\/siegerehrung-wettkampf-ranking-2023\/\" \/>\n<meta property=\"og:site_name\" content=\"Turnverein Schweinheim\" \/>\n<meta property=\"article:publisher\" content=\"https:\/\/www.facebook.com\/turnvereinschweinheim\/\" \/>\n<meta property=\"article:published_time\" content=\"2024-05-19T16:00:54+00:00\" \/>\n<meta property=\"article:modified_time\" content=\"2024-05-19T16:04:39+00:00\" \/>\n<meta property=\"og:image\" content=\"https:\/\/www.tv-schweinheim.de\/wp\/wp-content\/uploads\/2024\/05\/2024_04-Wettkampf_Ranking-Foto-2-1.jpg\" \/>\n\t<meta property=\"og:image:width\" content=\"1247\" \/>\n\t<meta property=\"og:image:height\" content=\"1280\" \/>\n\t<meta property=\"og:image:type\" content=\"image\/jpeg\" \/>\n<meta name=\"author\" content=\"TV Schweinheim\" \/>\n<meta name=\"twitter:card\" content=\"summary_large_image\" \/>\n<meta name=\"twitter:label1\" content=\"Verfasst von\" \/>\n\t<meta name=\"twitter:data1\" content=\"TV Schweinheim\" \/>\n\t<meta name=\"twitter:label2\" content=\"Gesch\u00e4tzte Lesezeit\" \/>\n\t<meta name=\"twitter:data2\" content=\"2\u00a0Minuten\" \/>\n<script type=\"application\/ld+json\" class=\"yoast-schema-graph\">{\"@context\":\"https:\\\/\\\/schema.org\",\"@graph\":[{\"@type\":\"Article\",\"@id\":\"https:\\\/\\\/www.tv-schweinheim.de\\\/wp\\\/2024\\\/05\\\/19\\\/siegerehrung-wettkampf-ranking-2023\\\/#article\",\"isPartOf\":{\"@id\":\"https:\\\/\\\/www.tv-schweinheim.de\\\/wp\\\/2024\\\/05\\\/19\\\/siegerehrung-wettkampf-ranking-2023\\\/\"},\"author\":{\"name\":\"TV Schweinheim\",\"@id\":\"https:\\\/\\\/www.tv-schweinheim.de\\\/wp\\\/#\\\/schema\\\/person\\\/915ee9d7e551cd0d56482210d3559051\"},\"headline\":\"Siegerehrung Wettkampf-Ranking 2023\",\"datePublished\":\"2024-05-19T16:00:54+00:00\",\"dateModified\":\"2024-05-19T16:04:39+00:00\",\"mainEntityOfPage\":{\"@id\":\"https:\\\/\\\/www.tv-schweinheim.de\\\/wp\\\/2024\\\/05\\\/19\\\/siegerehrung-wettkampf-ranking-2023\\\/\"},\"wordCount\":106,\"publisher\":{\"@id\":\"https:\\\/\\\/www.tv-schweinheim.de\\\/wp\\\/#organization\"},\"image\":{\"@id\":\"https:\\\/\\\/www.tv-schweinheim.de\\\/wp\\\/2024\\\/05\\\/19\\\/siegerehrung-wettkampf-ranking-2023\\\/#primaryimage\"},\"thumbnailUrl\":\"https:\\\/\\\/www.tv-schweinheim.de\\\/wp\\\/wp-content\\\/uploads\\\/2024\\\/05\\\/2024_04-Wettkampf_Ranking-Foto-2-1.jpg\",\"articleSection\":[\"Leichtathletik\",\"Vereinsnachrichten\"],\"inLanguage\":\"de\"},{\"@type\":\"WebPage\",\"@id\":\"https:\\\/\\\/www.tv-schweinheim.de\\\/wp\\\/2024\\\/05\\\/19\\\/siegerehrung-wettkampf-ranking-2023\\\/\",\"url\":\"https:\\\/\\\/www.tv-schweinheim.de\\\/wp\\\/2024\\\/05\\\/19\\\/siegerehrung-wettkampf-ranking-2023\\\/\",\"name\":\"Siegerehrung Wettkampf-Ranking 2023 - Turnverein Schweinheim\",\"isPartOf\":{\"@id\":\"https:\\\/\\\/www.tv-schweinheim.de\\\/wp\\\/#website\"},\"primaryImageOfPage\":{\"@id\":\"https:\\\/\\\/www.tv-schweinheim.de\\\/wp\\\/2024\\\/05\\\/19\\\/siegerehrung-wettkampf-ranking-2023\\\/#primaryimage\"},\"image\":{\"@id\":\"https:\\\/\\\/www.tv-schweinheim.de\\\/wp\\\/2024\\\/05\\\/19\\\/siegerehrung-wettkampf-ranking-2023\\\/#primaryimage\"},\"thumbnailUrl\":\"https:\\\/\\\/www.tv-schweinheim.de\\\/wp\\\/wp-content\\\/uploads\\\/2024\\\/05\\\/2024_04-Wettkampf_Ranking-Foto-2-1.jpg\",\"datePublished\":\"2024-05-19T16:00:54+00:00\",\"dateModified\":\"2024-05-19T16:04:39+00:00\",\"breadcrumb\":{\"@id\":\"https:\\\/\\\/www.tv-schweinheim.de\\\/wp\\\/2024\\\/05\\\/19\\\/siegerehrung-wettkampf-ranking-2023\\\/#breadcrumb\"},\"inLanguage\":\"de\",\"potentialAction\":[{\"@type\":\"ReadAction\",\"target\":[\"https:\\\/\\\/www.tv-schweinheim.de\\\/wp\\\/2024\\\/05\\\/19\\\/siegerehrung-wettkampf-ranking-2023\\\/\"]}]},{\"@type\":\"ImageObject\",\"inLanguage\":\"de\",\"@id\":\"https:\\\/\\\/www.tv-schweinheim.de\\\/wp\\\/2024\\\/05\\\/19\\\/siegerehrung-wettkampf-ranking-2023\\\/#primaryimage\",\"url\":\"https:\\\/\\\/www.tv-schweinheim.de\\\/wp\\\/wp-content\\\/uploads\\\/2024\\\/05\\\/2024_04-Wettkampf_Ranking-Foto-2-1.jpg\",\"contentUrl\":\"https:\\\/\\\/www.tv-schweinheim.de\\\/wp\\\/wp-content\\\/uploads\\\/2024\\\/05\\\/2024_04-Wettkampf_Ranking-Foto-2-1.jpg\",\"width\":1247,\"height\":1280},{\"@type\":\"BreadcrumbList\",\"@id\":\"https:\\\/\\\/www.tv-schweinheim.de\\\/wp\\\/2024\\\/05\\\/19\\\/siegerehrung-wettkampf-ranking-2023\\\/#breadcrumb\",\"itemListElement\":[{\"@type\":\"ListItem\",\"position\":1,\"name\":\"Startseite\",\"item\":\"https:\\\/\\\/www.tv-schweinheim.de\\\/wp\\\/\"},{\"@type\":\"ListItem\",\"position\":2,\"name\":\"Siegerehrung Wettkampf-Ranking 2023\"}]},{\"@type\":\"WebSite\",\"@id\":\"https:\\\/\\\/www.tv-schweinheim.de\\\/wp\\\/#website\",\"url\":\"https:\\\/\\\/www.tv-schweinheim.de\\\/wp\\\/\",\"name\":\"Turnverein Schweinheim\",\"description\":\"1885 e.V.\",\"publisher\":{\"@id\":\"https:\\\/\\\/www.tv-schweinheim.de\\\/wp\\\/#organization\"},\"potentialAction\":[{\"@type\":\"SearchAction\",\"target\":{\"@type\":\"EntryPoint\",\"urlTemplate\":\"https:\\\/\\\/www.tv-schweinheim.de\\\/wp\\\/?s={search_term_string}\"},\"query-input\":{\"@type\":\"PropertyValueSpecification\",\"valueRequired\":true,\"valueName\":\"search_term_string\"}}],\"inLanguage\":\"de\"},{\"@type\":\"Organization\",\"@id\":\"https:\\\/\\\/www.tv-schweinheim.de\\\/wp\\\/#organization\",\"name\":\"TV Schweinheim\",\"url\":\"https:\\\/\\\/www.tv-schweinheim.de\\\/wp\\\/\",\"logo\":{\"@type\":\"ImageObject\",\"inLanguage\":\"de\",\"@id\":\"https:\\\/\\\/www.tv-schweinheim.de\\\/wp\\\/#\\\/schema\\\/logo\\\/image\\\/\",\"url\":\"https:\\\/\\\/www.tv-schweinheim.de\\\/wp\\\/wp-content\\\/uploads\\\/2020\\\/06\\\/logo.png\",\"contentUrl\":\"https:\\\/\\\/www.tv-schweinheim.de\\\/wp\\\/wp-content\\\/uploads\\\/2020\\\/06\\\/logo.png\",\"width\":152,\"height\":146,\"caption\":\"TV Schweinheim\"},\"image\":{\"@id\":\"https:\\\/\\\/www.tv-schweinheim.de\\\/wp\\\/#\\\/schema\\\/logo\\\/image\\\/\"},\"sameAs\":[\"https:\\\/\\\/www.facebook.com\\\/turnvereinschweinheim\\\/\",\"https:\\\/\\\/www.instagram.com\\\/tv_schweinheim\\\/\"]},{\"@type\":\"Person\",\"@id\":\"https:\\\/\\\/www.tv-schweinheim.de\\\/wp\\\/#\\\/schema\\\/person\\\/915ee9d7e551cd0d56482210d3559051\",\"name\":\"TV Schweinheim\",\"image\":{\"@type\":\"ImageObject\",\"inLanguage\":\"de\",\"@id\":\"https:\\\/\\\/secure.gravatar.com\\\/avatar\\\/cc8d8ce0419cb19a9ea8d6ac28532150268e2dcc375b4224f15f39b3b6ca3675?s=96&d=mm&r=g\",\"url\":\"https:\\\/\\\/secure.gravatar.com\\\/avatar\\\/cc8d8ce0419cb19a9ea8d6ac28532150268e2dcc375b4224f15f39b3b6ca3675?s=96&d=mm&r=g\",\"contentUrl\":\"https:\\\/\\\/secure.gravatar.com\\\/avatar\\\/cc8d8ce0419cb19a9ea8d6ac28532150268e2dcc375b4224f15f39b3b6ca3675?s=96&d=mm&r=g\",\"caption\":\"TV Schweinheim\"},\"url\":\"https:\\\/\\\/www.tv-schweinheim.de\\\/wp\\\/author\\\/superuser\\\/\"}]}<\/script>\n<!-- \/ Yoast SEO plugin. -->","yoast_head_json":{"title":"Siegerehrung Wettkampf-Ranking 2023 - Turnverein Schweinheim","robots":{"index":"index","follow":"follow","max-snippet":"max-snippet:-1","max-image-preview":"max-image-preview:large","max-video-preview":"max-video-preview:-1"},"canonical":"https:\/\/www.tv-schweinheim.de\/wp\/2024\/05\/19\/siegerehrung-wettkampf-ranking-2023\/","og_locale":"de_DE","og_type":"article","og_title":"Siegerehrung Wettkampf-Ranking 2023 - Turnverein Schweinheim","og_description":"Am Montag, den 29.04.2024 wurden, im Rahmen der Verleihung der Jugendsportabzeichen, auch die Kinder und Jugendlichen der Leichtathletik-Abteilung mit besonders vielen Wettk\u00e4mpfen geehrt. Es gab eine Urkunde, etwas S\u00fc\u00dfes und einen Gutschein.Die Wettkampfsaison 2024 ist in vollem Gange. Wir sind gespannt, wer dieses Jahr das Rennen macht! 14 Wettkampfteilnahmen: Anna Grzella, Ben Czirnich12 Wettkampfteilnahmen: Lotta&hellip;&nbsp;Mehr lesen &raquo;Siegerehrung Wettkampf-Ranking 2023","og_url":"https:\/\/www.tv-schweinheim.de\/wp\/2024\/05\/19\/siegerehrung-wettkampf-ranking-2023\/","og_site_name":"Turnverein Schweinheim","article_publisher":"https:\/\/www.facebook.com\/turnvereinschweinheim\/","article_published_time":"2024-05-19T16:00:54+00:00","article_modified_time":"2024-05-19T16:04:39+00:00","og_image":[{"width":1247,"height":1280,"url":"https:\/\/www.tv-schweinheim.de\/wp\/wp-content\/uploads\/2024\/05\/2024_04-Wettkampf_Ranking-Foto-2-1.jpg","type":"image\/jpeg"}],"author":"TV Schweinheim","twitter_card":"summary_large_image","twitter_misc":{"Verfasst von":"TV Schweinheim","Gesch\u00e4tzte Lesezeit":"2\u00a0Minuten"},"schema":{"@context":"https:\/\/schema.org","@graph":[{"@type":"Article","@id":"https:\/\/www.tv-schweinheim.de\/wp\/2024\/05\/19\/siegerehrung-wettkampf-ranking-2023\/#article","isPartOf":{"@id":"https:\/\/www.tv-schweinheim.de\/wp\/2024\/05\/19\/siegerehrung-wettkampf-ranking-2023\/"},"author":{"name":"TV Schweinheim","@id":"https:\/\/www.tv-schweinheim.de\/wp\/#\/schema\/person\/915ee9d7e551cd0d56482210d3559051"},"headline":"Siegerehrung Wettkampf-Ranking 2023","datePublished":"2024-05-19T16:00:54+00:00","dateModified":"2024-05-19T16:04:39+00:00","mainEntityOfPage":{"@id":"https:\/\/www.tv-schweinheim.de\/wp\/2024\/05\/19\/siegerehrung-wettkampf-ranking-2023\/"},"wordCount":106,"publisher":{"@id":"https:\/\/www.tv-schweinheim.de\/wp\/#organization"},"image":{"@id":"https:\/\/www.tv-schweinheim.de\/wp\/2024\/05\/19\/siegerehrung-wettkampf-ranking-2023\/#primaryimage"},"thumbnailUrl":"https:\/\/www.tv-schweinheim.de\/wp\/wp-content\/uploads\/2024\/05\/2024_04-Wettkampf_Ranking-Foto-2-1.jpg","articleSection":["Leichtathletik","Vereinsnachrichten"],"inLanguage":"de"},{"@type":"WebPage","@id":"https:\/\/www.tv-schweinheim.de\/wp\/2024\/05\/19\/siegerehrung-wettkampf-ranking-2023\/","url":"https:\/\/www.tv-schweinheim.de\/wp\/2024\/05\/19\/siegerehrung-wettkampf-ranking-2023\/","name":"Siegerehrung Wettkampf-Ranking 2023 - Turnverein Schweinheim","isPartOf":{"@id":"https:\/\/www.tv-schweinheim.de\/wp\/#website"},"primaryImageOfPage":{"@id":"https:\/\/www.tv-schweinheim.de\/wp\/2024\/05\/19\/siegerehrung-wettkampf-ranking-2023\/#primaryimage"},"image":{"@id":"https:\/\/www.tv-schweinheim.de\/wp\/2024\/05\/19\/siegerehrung-wettkampf-ranking-2023\/#primaryimage"},"thumbnailUrl":"https:\/\/www.tv-schweinheim.de\/wp\/wp-content\/uploads\/2024\/05\/2024_04-Wettkampf_Ranking-Foto-2-1.jpg","datePublished":"2024-05-19T16:00:54+00:00","dateModified":"2024-05-19T16:04:39+00:00","breadcrumb":{"@id":"https:\/\/www.tv-schweinheim.de\/wp\/2024\/05\/19\/siegerehrung-wettkampf-ranking-2023\/#breadcrumb"},"inLanguage":"de","potentialAction":[{"@type":"ReadAction","target":["https:\/\/www.tv-schweinheim.de\/wp\/2024\/05\/19\/siegerehrung-wettkampf-ranking-2023\/"]}]},{"@type":"ImageObject","inLanguage":"de","@id":"https:\/\/www.tv-schweinheim.de\/wp\/2024\/05\/19\/siegerehrung-wettkampf-ranking-2023\/#primaryimage","url":"https:\/\/www.tv-schweinheim.de\/wp\/wp-content\/uploads\/2024\/05\/2024_04-Wettkampf_Ranking-Foto-2-1.jpg","contentUrl":"https:\/\/www.tv-schweinheim.de\/wp\/wp-content\/uploads\/2024\/05\/2024_04-Wettkampf_Ranking-Foto-2-1.jpg","width":1247,"height":1280},{"@type":"BreadcrumbList","@id":"https:\/\/www.tv-schweinheim.de\/wp\/2024\/05\/19\/siegerehrung-wettkampf-ranking-2023\/#breadcrumb","itemListElement":[{"@type":"ListItem","position":1,"name":"Startseite","item":"https:\/\/www.tv-schweinheim.de\/wp\/"},{"@type":"ListItem","position":2,"name":"Siegerehrung Wettkampf-Ranking 2023"}]},{"@type":"WebSite","@id":"https:\/\/www.tv-schweinheim.de\/wp\/#website","url":"https:\/\/www.tv-schweinheim.de\/wp\/","name":"Turnverein Schweinheim","description":"1885 e.V.","publisher":{"@id":"https:\/\/www.tv-schweinheim.de\/wp\/#organization"},"potentialAction":[{"@type":"SearchAction","target":{"@type":"EntryPoint","urlTemplate":"https:\/\/www.tv-schweinheim.de\/wp\/?s={search_term_string}"},"query-input":{"@type":"PropertyValueSpecification","valueRequired":true,"valueName":"search_term_string"}}],"inLanguage":"de"},{"@type":"Organization","@id":"https:\/\/www.tv-schweinheim.de\/wp\/#organization","name":"TV Schweinheim","url":"https:\/\/www.tv-schweinheim.de\/wp\/","logo":{"@type":"ImageObject","inLanguage":"de","@id":"https:\/\/www.tv-schweinheim.de\/wp\/#\/schema\/logo\/image\/","url":"https:\/\/www.tv-schweinheim.de\/wp\/wp-content\/uploads\/2020\/06\/logo.png","contentUrl":"https:\/\/www.tv-schweinheim.de\/wp\/wp-content\/uploads\/2020\/06\/logo.png","width":152,"height":146,"caption":"TV Schweinheim"},"image":{"@id":"https:\/\/www.tv-schweinheim.de\/wp\/#\/schema\/logo\/image\/"},"sameAs":["https:\/\/www.facebook.com\/turnvereinschweinheim\/","https:\/\/www.instagram.com\/tv_schweinheim\/"]},{"@type":"Person","@id":"https:\/\/www.tv-schweinheim.de\/wp\/#\/schema\/person\/915ee9d7e551cd0d56482210d3559051","name":"TV Schweinheim","image":{"@type":"ImageObject","inLanguage":"de","@id":"https:\/\/secure.gravatar.com\/avatar\/cc8d8ce0419cb19a9ea8d6ac28532150268e2dcc375b4224f15f39b3b6ca3675?s=96&d=mm&r=g","url":"https:\/\/secure.gravatar.com\/avatar\/cc8d8ce0419cb19a9ea8d6ac28532150268e2dcc375b4224f15f39b3b6ca3675?s=96&d=mm&r=g","contentUrl":"https:\/\/secure.gravatar.com\/avatar\/cc8d8ce0419cb19a9ea8d6ac28532150268e2dcc375b4224f15f39b3b6ca3675?s=96&d=mm&r=g","caption":"TV Schweinheim"},"url":"https:\/\/www.tv-schweinheim.de\/wp\/author\/superuser\/"}]}},"_links":{"self":[{"href":"https:\/\/www.tv-schweinheim.de\/wp\/wp-json\/wp\/v2\/posts\/13045","targetHints":{"allow":["GET"]}}],"collection":[{"href":"https:\/\/www.tv-schweinheim.de\/wp\/wp-json\/wp\/v2\/posts"}],"about":[{"href":"https:\/\/www.tv-schweinheim.de\/wp\/wp-json\/wp\/v2\/types\/post"}],"author":[{"embeddable":true,"href":"https:\/\/www.tv-schweinheim.de\/wp\/wp-json\/wp\/v2\/users\/1"}],"replies":[{"embeddable":true,"href":"https:\/\/www.tv-schweinheim.de\/wp\/wp-json\/wp\/v2\/comments?post=13045"}],"version-history":[{"count":4,"href":"https:\/\/www.tv-schweinheim.de\/wp\/wp-json\/wp\/v2\/posts\/13045\/revisions"}],"predecessor-version":[{"id":13053,"href":"https:\/\/www.tv-schweinheim.de\/wp\/wp-json\/wp\/v2\/posts\/13045\/revisions\/13053"}],"wp:featuredmedia":[{"embeddable":true,"href":"https:\/\/www.tv-schweinheim.de\/wp\/wp-json\/wp\/v2\/media\/13047"}],"wp:attachment":[{"href":"https:\/\/www.tv-schweinheim.de\/wp\/wp-json\/wp\/v2\/media?parent=13045"}],"wp:term":[{"taxonomy":"category","embeddable":true,"href":"https:\/\/www.tv-schweinheim.de\/wp\/wp-json\/wp\/v2\/categories?post=13045"},{"taxonomy":"post_tag","embeddable":true,"href":"https:\/\/www.tv-schweinheim.de\/wp\/wp-json\/wp\/v2\/tags?post=13045"}],"curies":[{"name":"wp","href":"https:\/\/api.w.org\/{rel}","templated":true}]}}