{"id":13073,"date":"2024-06-03T18:39:41","date_gmt":"2024-06-03T16:39:41","guid":{"rendered":"https:\/\/www.tv-schweinheim.de\/wp\/?p=13073"},"modified":"2024-06-03T18:49:18","modified_gmt":"2024-06-03T16:49:18","slug":"fussballjugend-die-schwoijer-34","status":"publish","type":"post","link":"https:\/\/www.tv-schweinheim.de\/wp\/2024\/06\/03\/fussballjugend-die-schwoijer-34\/","title":{"rendered":"FU\u00dfballjugend \u2013 Die Schwoijer!"},"content":{"rendered":"\t\t<div data-elementor-type=\"wp-post\" data-elementor-id=\"13073\" class=\"elementor elementor-13073\">\n\t\t\t\t\t\t<section class=\"elementor-section elementor-top-section elementor-element elementor-element-5820f0d elementor-section-boxed elementor-section-height-default elementor-section-height-default\" data-id=\"5820f0d\" data-element_type=\"section\" data-e-type=\"section\">\n\t\t\t\t\t\t<div class=\"elementor-container elementor-column-gap-default\">\n\t\t\t\t\t<div class=\"elementor-column elementor-col-100 elementor-top-column elementor-element elementor-element-6965f4e\" data-id=\"6965f4e\" data-element_type=\"column\" data-e-type=\"column\">\n\t\t\t<div class=\"elementor-widget-wrap elementor-element-populated\">\n\t\t\t\t\t\t<div class=\"elementor-element elementor-element-eb0c967 elementor-widget elementor-widget-text-editor\" data-id=\"eb0c967\" data-element_type=\"widget\" data-e-type=\"widget\" data-widget_type=\"text-editor.default\">\n\t\t\t\t<div class=\"elementor-widget-container\">\n\t\t\t\t\t\t\t\t\t<p><strong>D \u2013 Jugend:<\/strong><br \/><strong>D1: MEISTER 2024<\/strong><br \/>Der Jahrgang 2012, marschiert ungeschlagen durch die D \u2013 Jugend Gruppe 04.<br \/>Mit 18 Punkten und einem Torverh\u00e4ltnis von 25:4 Toren, aus sechs Spielen stehen uns nur dreier zu Buche, einzig beim Spiel gegen die Teutonia Obernau, die ohne Wertung antraten musste man sich mit einem Remis begn\u00fcgen.<br \/>Das Trainertrio Alex, Maid und Manuel sind m\u00e4chtig stolz auf das Team, dass sich durch die<br \/>Trainingsleistung, Einsatz und Klasse mit der souver\u00e4nen Saison selbst belohnt.<br \/><br \/><strong>Abschlusstabelle:<\/strong><br \/>Platz\u00a0 Mannschaft\u00a0 \u00a0 \u00a0 \u00a0 \u00a0 \u00a0 \u00a0 \u00a0Spiele\u00a0 Torverh.\u00a0 Punkte<br \/>1\u00a0 \u00a0 \u00a0 \u00a0 TV Schweinheim\u00a0 \u00a0 \u00a0 \u00a0 \u00a0 \u00a06\u00a0 \u00a0 \u00a0 \u00a0 \u00a025:4\u00a0 \u00a0 \u00a0 \u00a0 \u00a018<br \/>2\u00a0 \u00a0 \u00a0 \u00a0 DjK\/TuS Leider 3\u00a0 \u00a0 \u00a0 \u00a0 \u00a0 \u00a06\u00a0 \u00a0 \u00a0 \u00a0 17:10\u00a0 \u00a0 \u00a0 \u00a012<br \/>3\u00a0 \u00a0 \u00a0 \u00a0 TV Aschaffenburg2\u00a0 \u00a0 \u00a0 \u00a06\u00a0 \u00a0 \u00a0 \u00a0 12:17\u00a0 \u00a0 \u00a0 \u00a0 \u00a08<br \/>4\u00a0 \u00a0 \u00a0 \u00a0 JFG Kickers Bachgau 4\u00a0 6\u00a0 \u00a0 \u00a0 \u00a011:12\u00a0 \u00a0 \u00a0 \u00a0 \u00a06<br \/>5\u00a0 \u00a0 \u00a0 \u00a0 JFG Vorspressart 2\u00a0 \u00a0 \u00a0 \u00a0 6\u00a0 \u00a0 \u00a0 \u00a0 \u00a09:25\u00a0 \u00a0 \u00a0 \u00a0 \u00a0 6<br \/>6\u00a0 \u00a0 \u00a0 \u00a0TSV Mainaschaff 3\u00a0 \u00a0 \u00a0 \u00a0 \u00a06\u00a0 \u00a0 \u00a0 \u00a0 11:14\u00a0 \u00a0 \u00a0 \u00a0 \u00a05<br \/>7\u00a0 \u00a0 \u00a0 \u00a0BSC Schweinheim 2\u00a0 \u00a0 \u00a0 6\u00a0 \u00a0 \u00a0 \u00a0 \u00a08:11\u00a0 \u00a0 \u00a0 \u00a0 \u00a0 \u00a04<br \/>8\u00a0 \u00a0 \u00a0 \u00a0Teutonia Obernau 2 o.W.\u00a0 \u00a0 \u00a0 \u00a0 0:0\u00a0 \u00a0 \u00a0 \u00a0 \u00a0 \u00a0 0<\/p>\t\t\t\t\t\t\t\t<\/div>\n\t\t\t\t<\/div>\n\t\t\t\t\t<\/div>\n\t\t<\/div>\n\t\t\t\t\t<\/div>\n\t\t<\/section>\n\t\t\t\t<section class=\"elementor-section elementor-top-section elementor-element elementor-element-b30ffb2 elementor-section-boxed elementor-section-height-default elementor-section-height-default\" data-id=\"b30ffb2\" data-element_type=\"section\" data-e-type=\"section\">\n\t\t\t\t\t\t<div class=\"elementor-container elementor-column-gap-default\">\n\t\t\t\t\t<div class=\"elementor-column elementor-col-100 elementor-top-column elementor-element elementor-element-d917dbe\" data-id=\"d917dbe\" data-element_type=\"column\" data-e-type=\"column\">\n\t\t\t<div class=\"elementor-widget-wrap elementor-element-populated\">\n\t\t\t\t\t\t<div class=\"elementor-element elementor-element-b99cc58 elementor-widget elementor-widget-image\" data-id=\"b99cc58\" data-element_type=\"widget\" data-e-type=\"widget\" data-widget_type=\"image.default\">\n\t\t\t\t<div class=\"elementor-widget-container\">\n\t\t\t\t\t\t\t\t\t\t\t\t\t\t\t<img fetchpriority=\"high\" decoding=\"async\" width=\"1024\" height=\"623\" src=\"https:\/\/www.tv-schweinheim.de\/wp\/wp-content\/uploads\/2024\/06\/DTeam-1024x623.jpg\" class=\"attachment-large size-large wp-image-13077\" alt=\"\" srcset=\"https:\/\/www.tv-schweinheim.de\/wp\/wp-content\/uploads\/2024\/06\/DTeam-1024x623.jpg 1024w, https:\/\/www.tv-schweinheim.de\/wp\/wp-content\/uploads\/2024\/06\/DTeam-300x182.jpg 300w, https:\/\/www.tv-schweinheim.de\/wp\/wp-content\/uploads\/2024\/06\/DTeam-768x467.jpg 768w, https:\/\/www.tv-schweinheim.de\/wp\/wp-content\/uploads\/2024\/06\/DTeam-1536x934.jpg 1536w, https:\/\/www.tv-schweinheim.de\/wp\/wp-content\/uploads\/2024\/06\/DTeam.jpg 1804w\" sizes=\"(max-width: 1024px) 100vw, 1024px\" \/>\t\t\t\t\t\t\t\t\t\t\t\t\t\t\t<\/div>\n\t\t\t\t<\/div>\n\t\t\t\t\t<\/div>\n\t\t<\/div>\n\t\t\t\t\t<\/div>\n\t\t<\/section>\n\t\t\t\t<section class=\"elementor-section elementor-top-section elementor-element elementor-element-1d99e56 elementor-section-boxed elementor-section-height-default elementor-section-height-default\" data-id=\"1d99e56\" data-element_type=\"section\" data-e-type=\"section\">\n\t\t\t\t\t\t<div class=\"elementor-container elementor-column-gap-default\">\n\t\t\t\t\t<div class=\"elementor-column elementor-col-100 elementor-top-column elementor-element elementor-element-b10eefd\" data-id=\"b10eefd\" data-element_type=\"column\" data-e-type=\"column\">\n\t\t\t<div class=\"elementor-widget-wrap elementor-element-populated\">\n\t\t\t\t\t\t<div class=\"elementor-element elementor-element-02e8fc6 elementor-widget elementor-widget-text-editor\" data-id=\"02e8fc6\" data-element_type=\"widget\" data-e-type=\"widget\" data-widget_type=\"text-editor.default\">\n\t\t\t\t<div class=\"elementor-widget-container\">\n\t\t\t\t\t\t\t\t\t<p><strong>Meisterteam!<\/strong><\/p>\t\t\t\t\t\t\t\t<\/div>\n\t\t\t\t<\/div>\n\t\t\t\t\t<\/div>\n\t\t<\/div>\n\t\t\t\t\t<\/div>\n\t\t<\/section>\n\t\t\t\t<section class=\"elementor-section elementor-top-section elementor-element elementor-element-ef39de1 elementor-section-boxed elementor-section-height-default elementor-section-height-default\" data-id=\"ef39de1\" data-element_type=\"section\" data-e-type=\"section\">\n\t\t\t\t\t\t<div class=\"elementor-container elementor-column-gap-default\">\n\t\t\t\t\t<div class=\"elementor-column elementor-col-100 elementor-top-column elementor-element elementor-element-118b88b\" data-id=\"118b88b\" data-element_type=\"column\" data-e-type=\"column\">\n\t\t\t<div class=\"elementor-widget-wrap elementor-element-populated\">\n\t\t\t\t\t\t<div class=\"elementor-element elementor-element-30a681a elementor-widget elementor-widget-image\" data-id=\"30a681a\" data-element_type=\"widget\" data-e-type=\"widget\" data-widget_type=\"image.default\">\n\t\t\t\t<div class=\"elementor-widget-container\">\n\t\t\t\t\t\t\t\t\t\t\t\t\t\t\t<img decoding=\"async\" width=\"1024\" height=\"853\" src=\"https:\/\/www.tv-schweinheim.de\/wp\/wp-content\/uploads\/2024\/06\/MT-1024x853.jpg\" class=\"attachment-large size-large wp-image-13078\" alt=\"\" srcset=\"https:\/\/www.tv-schweinheim.de\/wp\/wp-content\/uploads\/2024\/06\/MT-1024x853.jpg 1024w, https:\/\/www.tv-schweinheim.de\/wp\/wp-content\/uploads\/2024\/06\/MT-300x250.jpg 300w, https:\/\/www.tv-schweinheim.de\/wp\/wp-content\/uploads\/2024\/06\/MT-768x640.jpg 768w, https:\/\/www.tv-schweinheim.de\/wp\/wp-content\/uploads\/2024\/06\/MT.jpg 1441w\" sizes=\"(max-width: 1024px) 100vw, 1024px\" \/>\t\t\t\t\t\t\t\t\t\t\t\t\t\t\t<\/div>\n\t\t\t\t<\/div>\n\t\t\t\t\t<\/div>\n\t\t<\/div>\n\t\t\t\t\t<\/div>\n\t\t<\/section>\n\t\t\t\t<section class=\"elementor-section elementor-top-section elementor-element elementor-element-fb14ad6 elementor-section-boxed elementor-section-height-default elementor-section-height-default\" data-id=\"fb14ad6\" data-element_type=\"section\" data-e-type=\"section\">\n\t\t\t\t\t\t<div class=\"elementor-container elementor-column-gap-default\">\n\t\t\t\t\t<div class=\"elementor-column elementor-col-100 elementor-top-column elementor-element elementor-element-a40d297\" data-id=\"a40d297\" data-element_type=\"column\" data-e-type=\"column\">\n\t\t\t<div class=\"elementor-widget-wrap elementor-element-populated\">\n\t\t\t\t\t\t<div class=\"elementor-element elementor-element-11ae68e elementor-widget elementor-widget-text-editor\" data-id=\"11ae68e\" data-element_type=\"widget\" data-e-type=\"widget\" data-widget_type=\"text-editor.default\">\n\t\t\t\t<div class=\"elementor-widget-container\">\n\t\t\t\t\t\t\t\t\t<p><strong>Meistertrainer!<\/strong><\/p><p><strong>D2:<\/strong><br \/>Die zeigt in den letzten Spielen ihre besten Leistungen. Beim Ausw\u00e4rtsspiel in Strietwald, gab es zwar ein 1:4 Niederlage, wobei das Spiel deutlich knapper war als das Ergebnis dies widerspiegelt.<br \/>Im Spiel gegen die Kleinostheimer, die in der D \u2013 Jugend Gruppe 02 alles gewonnen hatte wuchs unser TVS \u00fcber sich hinaus und erwies sich als kleiner Partycrasher. Das Spiel endete 1:1 Unentschieden, war aber f\u00fcr uns ein gef\u00fchlter Sieg. Kleinostheim wollte wie unsere D1 auch einen Durchmarch hinlegen und alle Spiele gewinnen, aber unser b\u00e4renstarker Keeper Ivomir war an diesem Tag nicht mehr zu \u00fcberwinden. Am Ende durften unsere G\u00e4ste mit einem kleinen D\u00e4mpfer die Meisterschaft der Gruppe 02 feiern.<\/p>\t\t\t\t\t\t\t\t<\/div>\n\t\t\t\t<\/div>\n\t\t\t\t\t<\/div>\n\t\t<\/div>\n\t\t\t\t\t<\/div>\n\t\t<\/section>\n\t\t\t\t<section class=\"elementor-section elementor-top-section elementor-element elementor-element-48a3718 elementor-section-boxed elementor-section-height-default elementor-section-height-default\" data-id=\"48a3718\" data-element_type=\"section\" data-e-type=\"section\">\n\t\t\t\t\t\t<div class=\"elementor-container elementor-column-gap-default\">\n\t\t\t\t\t<div class=\"elementor-column elementor-col-100 elementor-top-column elementor-element elementor-element-571124f\" data-id=\"571124f\" data-element_type=\"column\" data-e-type=\"column\">\n\t\t\t<div class=\"elementor-widget-wrap elementor-element-populated\">\n\t\t\t\t\t\t<div class=\"elementor-element elementor-element-6377bd7 elementor-widget elementor-widget-image\" data-id=\"6377bd7\" data-element_type=\"widget\" data-e-type=\"widget\" data-widget_type=\"image.default\">\n\t\t\t\t<div class=\"elementor-widget-container\">\n\t\t\t\t\t\t\t\t\t\t\t\t\t\t\t<img decoding=\"async\" width=\"1024\" height=\"492\" src=\"https:\/\/www.tv-schweinheim.de\/wp\/wp-content\/uploads\/2024\/06\/d2--1024x492.jpg\" class=\"attachment-large size-large wp-image-13079\" alt=\"\" srcset=\"https:\/\/www.tv-schweinheim.de\/wp\/wp-content\/uploads\/2024\/06\/d2--1024x492.jpg 1024w, https:\/\/www.tv-schweinheim.de\/wp\/wp-content\/uploads\/2024\/06\/d2--300x144.jpg 300w, https:\/\/www.tv-schweinheim.de\/wp\/wp-content\/uploads\/2024\/06\/d2--768x369.jpg 768w, https:\/\/www.tv-schweinheim.de\/wp\/wp-content\/uploads\/2024\/06\/d2-.jpg 1422w\" sizes=\"(max-width: 1024px) 100vw, 1024px\" \/>\t\t\t\t\t\t\t\t\t\t\t\t\t\t\t<\/div>\n\t\t\t\t<\/div>\n\t\t\t\t\t<\/div>\n\t\t<\/div>\n\t\t\t\t\t<\/div>\n\t\t<\/section>\n\t\t\t\t<section class=\"elementor-section elementor-top-section elementor-element elementor-element-2e05306 elementor-section-boxed elementor-section-height-default elementor-section-height-default\" data-id=\"2e05306\" data-element_type=\"section\" data-e-type=\"section\">\n\t\t\t\t\t\t<div class=\"elementor-container elementor-column-gap-default\">\n\t\t\t\t\t<div class=\"elementor-column elementor-col-100 elementor-top-column elementor-element elementor-element-53b9124\" data-id=\"53b9124\" data-element_type=\"column\" data-e-type=\"column\">\n\t\t\t<div class=\"elementor-widget-wrap elementor-element-populated\">\n\t\t\t\t\t\t<div class=\"elementor-element elementor-element-87db0cf elementor-widget elementor-widget-text-editor\" data-id=\"87db0cf\" data-element_type=\"widget\" data-e-type=\"widget\" data-widget_type=\"text-editor.default\">\n\t\t\t\t<div class=\"elementor-widget-container\">\n\t\t\t\t\t\t\t\t\t<p><strong>E \u2013 Jugend:<\/strong><br \/><strong>Turniersieger in Waldaschaff!<\/strong><br \/>Ebenfalls Grund zum Feiern, hatte unsere E-Jugend die den 4.UBZ-Cup am 18.05.24 in Waldschaff ungeschlagen gewann. Wir waren an diesem Tag einfach nicht zu schlagen, bei nur zwei Gegentoren im gesamten Turnier legte Keeper John den Grundstein f\u00fcr den Erfolg.<br \/>TVS \u2013 Sailauf\u00a0 \u00a0 \u00a0 \u00a0 \u00a0 \u00a0 \u00a0 \u00a0 0:0<br \/>TVS \u2013 FC H\u00f6sbach\u00a0 \u00a0 \u00a0 1:0 Tor: Maxim<br \/>TVS \u2013 Rauenthal\u00a0 \u00a0 \u00a0 \u00a0 \u00a03:1 Tore: Lenny(2) &amp; Bastian<br \/>TVS \u2013 H\u00f6sbach Bhf. 2 2:0 Tore: Lion(2)<br \/>Finale:<br \/>TVS &#8211; H\u00f6sbach Bhf. 1 2:1 Tore: Lion(2)<\/p><p>Bericht: ML<br \/><br \/><strong>Turniersieger!<\/strong><\/p>\t\t\t\t\t\t\t\t<\/div>\n\t\t\t\t<\/div>\n\t\t\t\t\t<\/div>\n\t\t<\/div>\n\t\t\t\t\t<\/div>\n\t\t<\/section>\n\t\t\t\t<\/div>\n\t\t","protected":false},"excerpt":{"rendered":"<p>D \u2013 Jugend:D1: MEISTER 2024Der Jahrgang 2012, marschiert ungeschlagen durch die D \u2013 Jugend Gruppe 04.Mit 18 Punkten und einem Torverh\u00e4ltnis von 25:4 Toren, aus sechs Spielen stehen uns nur dreier zu Buche, einzig beim Spiel gegen die Teutonia Obernau, die ohne Wertung antraten musste man sich mit einem Remis begn\u00fcgen.Das Trainertrio Alex, Maid und&hellip;&nbsp;<a href=\"https:\/\/www.tv-schweinheim.de\/wp\/2024\/06\/03\/fussballjugend-die-schwoijer-34\/\" rel=\"bookmark\">Mehr lesen &raquo;<span class=\"screen-reader-text\">FU\u00dfballjugend \u2013 Die Schwoijer!<\/span><\/a><\/p>\n","protected":false},"author":1,"featured_media":13074,"comment_status":"closed","ping_status":"open","sticky":false,"template":"","format":"standard","meta":{"_acf_changed":false,"neve_meta_sidebar":"","neve_meta_container":"","neve_meta_enable_content_width":"","neve_meta_content_width":0,"neve_meta_title_alignment":"","neve_meta_author_avatar":"","neve_post_elements_order":"","neve_meta_disable_header":"","neve_meta_disable_footer":"","neve_meta_disable_title":"","neve_meta_reading_time":"","footnotes":""},"categories":[109,1],"tags":[],"class_list":["post-13073","post","type-post","status-publish","format-standard","has-post-thumbnail","hentry","category-fussballjugend","category-vereinsnachrichten"],"acf":[],"yoast_head":"<!-- This site is optimized with the Yoast SEO plugin v27.4 - https:\/\/yoast.com\/product\/yoast-seo-wordpress\/ -->\n<title>FU\u00dfballjugend \u2013 Die Schwoijer! - Turnverein Schweinheim<\/title>\n<meta name=\"robots\" content=\"index, follow, max-snippet:-1, max-image-preview:large, max-video-preview:-1\" \/>\n<link rel=\"canonical\" href=\"https:\/\/www.tv-schweinheim.de\/wp\/2024\/06\/03\/fussballjugend-die-schwoijer-34\/\" \/>\n<meta property=\"og:locale\" content=\"de_DE\" \/>\n<meta property=\"og:type\" content=\"article\" \/>\n<meta property=\"og:title\" content=\"FU\u00dfballjugend \u2013 Die Schwoijer! - Turnverein Schweinheim\" \/>\n<meta property=\"og:description\" content=\"D \u2013 Jugend:D1: MEISTER 2024Der Jahrgang 2012, marschiert ungeschlagen durch die D \u2013 Jugend Gruppe 04.Mit 18 Punkten und einem Torverh\u00e4ltnis von 25:4 Toren, aus sechs Spielen stehen uns nur dreier zu Buche, einzig beim Spiel gegen die Teutonia Obernau, die ohne Wertung antraten musste man sich mit einem Remis begn\u00fcgen.Das Trainertrio Alex, Maid und&hellip;&nbsp;Mehr lesen &raquo;FU\u00dfballjugend \u2013 Die Schwoijer!\" \/>\n<meta property=\"og:url\" content=\"https:\/\/www.tv-schweinheim.de\/wp\/2024\/06\/03\/fussballjugend-die-schwoijer-34\/\" \/>\n<meta property=\"og:site_name\" content=\"Turnverein Schweinheim\" \/>\n<meta property=\"article:publisher\" content=\"https:\/\/www.facebook.com\/turnvereinschweinheim\/\" \/>\n<meta property=\"article:published_time\" content=\"2024-06-03T16:39:41+00:00\" \/>\n<meta property=\"article:modified_time\" content=\"2024-06-03T16:49:18+00:00\" \/>\n<meta property=\"og:image\" content=\"https:\/\/www.tv-schweinheim.de\/wp\/wp-content\/uploads\/2024\/06\/UBZ.jpg\" \/>\n\t<meta property=\"og:image:width\" content=\"1351\" \/>\n\t<meta property=\"og:image:height\" content=\"952\" \/>\n\t<meta property=\"og:image:type\" content=\"image\/jpeg\" \/>\n<meta name=\"author\" content=\"TV Schweinheim\" \/>\n<meta name=\"twitter:card\" content=\"summary_large_image\" \/>\n<meta name=\"twitter:label1\" content=\"Verfasst von\" \/>\n\t<meta name=\"twitter:data1\" content=\"TV Schweinheim\" \/>\n\t<meta name=\"twitter:label2\" content=\"Gesch\u00e4tzte Lesezeit\" \/>\n\t<meta name=\"twitter:data2\" content=\"3\u00a0Minuten\" \/>\n<script type=\"application\/ld+json\" class=\"yoast-schema-graph\">{\"@context\":\"https:\\\/\\\/schema.org\",\"@graph\":[{\"@type\":\"Article\",\"@id\":\"https:\\\/\\\/www.tv-schweinheim.de\\\/wp\\\/2024\\\/06\\\/03\\\/fussballjugend-die-schwoijer-34\\\/#article\",\"isPartOf\":{\"@id\":\"https:\\\/\\\/www.tv-schweinheim.de\\\/wp\\\/2024\\\/06\\\/03\\\/fussballjugend-die-schwoijer-34\\\/\"},\"author\":{\"name\":\"TV Schweinheim\",\"@id\":\"https:\\\/\\\/www.tv-schweinheim.de\\\/wp\\\/#\\\/schema\\\/person\\\/915ee9d7e551cd0d56482210d3559051\"},\"headline\":\"FU\u00dfballjugend \u2013 Die Schwoijer!\",\"datePublished\":\"2024-06-03T16:39:41+00:00\",\"dateModified\":\"2024-06-03T16:49:18+00:00\",\"mainEntityOfPage\":{\"@id\":\"https:\\\/\\\/www.tv-schweinheim.de\\\/wp\\\/2024\\\/06\\\/03\\\/fussballjugend-die-schwoijer-34\\\/\"},\"wordCount\":295,\"publisher\":{\"@id\":\"https:\\\/\\\/www.tv-schweinheim.de\\\/wp\\\/#organization\"},\"image\":{\"@id\":\"https:\\\/\\\/www.tv-schweinheim.de\\\/wp\\\/2024\\\/06\\\/03\\\/fussballjugend-die-schwoijer-34\\\/#primaryimage\"},\"thumbnailUrl\":\"https:\\\/\\\/www.tv-schweinheim.de\\\/wp\\\/wp-content\\\/uploads\\\/2024\\\/06\\\/UBZ.jpg\",\"articleSection\":[\"Fu\u00dfballjugend\",\"Vereinsnachrichten\"],\"inLanguage\":\"de\"},{\"@type\":\"WebPage\",\"@id\":\"https:\\\/\\\/www.tv-schweinheim.de\\\/wp\\\/2024\\\/06\\\/03\\\/fussballjugend-die-schwoijer-34\\\/\",\"url\":\"https:\\\/\\\/www.tv-schweinheim.de\\\/wp\\\/2024\\\/06\\\/03\\\/fussballjugend-die-schwoijer-34\\\/\",\"name\":\"FU\u00dfballjugend \u2013 Die Schwoijer! - Turnverein Schweinheim\",\"isPartOf\":{\"@id\":\"https:\\\/\\\/www.tv-schweinheim.de\\\/wp\\\/#website\"},\"primaryImageOfPage\":{\"@id\":\"https:\\\/\\\/www.tv-schweinheim.de\\\/wp\\\/2024\\\/06\\\/03\\\/fussballjugend-die-schwoijer-34\\\/#primaryimage\"},\"image\":{\"@id\":\"https:\\\/\\\/www.tv-schweinheim.de\\\/wp\\\/2024\\\/06\\\/03\\\/fussballjugend-die-schwoijer-34\\\/#primaryimage\"},\"thumbnailUrl\":\"https:\\\/\\\/www.tv-schweinheim.de\\\/wp\\\/wp-content\\\/uploads\\\/2024\\\/06\\\/UBZ.jpg\",\"datePublished\":\"2024-06-03T16:39:41+00:00\",\"dateModified\":\"2024-06-03T16:49:18+00:00\",\"breadcrumb\":{\"@id\":\"https:\\\/\\\/www.tv-schweinheim.de\\\/wp\\\/2024\\\/06\\\/03\\\/fussballjugend-die-schwoijer-34\\\/#breadcrumb\"},\"inLanguage\":\"de\",\"potentialAction\":[{\"@type\":\"ReadAction\",\"target\":[\"https:\\\/\\\/www.tv-schweinheim.de\\\/wp\\\/2024\\\/06\\\/03\\\/fussballjugend-die-schwoijer-34\\\/\"]}]},{\"@type\":\"ImageObject\",\"inLanguage\":\"de\",\"@id\":\"https:\\\/\\\/www.tv-schweinheim.de\\\/wp\\\/2024\\\/06\\\/03\\\/fussballjugend-die-schwoijer-34\\\/#primaryimage\",\"url\":\"https:\\\/\\\/www.tv-schweinheim.de\\\/wp\\\/wp-content\\\/uploads\\\/2024\\\/06\\\/UBZ.jpg\",\"contentUrl\":\"https:\\\/\\\/www.tv-schweinheim.de\\\/wp\\\/wp-content\\\/uploads\\\/2024\\\/06\\\/UBZ.jpg\",\"width\":1351,\"height\":952},{\"@type\":\"BreadcrumbList\",\"@id\":\"https:\\\/\\\/www.tv-schweinheim.de\\\/wp\\\/2024\\\/06\\\/03\\\/fussballjugend-die-schwoijer-34\\\/#breadcrumb\",\"itemListElement\":[{\"@type\":\"ListItem\",\"position\":1,\"name\":\"Startseite\",\"item\":\"https:\\\/\\\/www.tv-schweinheim.de\\\/wp\\\/\"},{\"@type\":\"ListItem\",\"position\":2,\"name\":\"FU\u00dfballjugend \u2013 Die Schwoijer!\"}]},{\"@type\":\"WebSite\",\"@id\":\"https:\\\/\\\/www.tv-schweinheim.de\\\/wp\\\/#website\",\"url\":\"https:\\\/\\\/www.tv-schweinheim.de\\\/wp\\\/\",\"name\":\"Turnverein Schweinheim\",\"description\":\"1885 e.V.\",\"publisher\":{\"@id\":\"https:\\\/\\\/www.tv-schweinheim.de\\\/wp\\\/#organization\"},\"potentialAction\":[{\"@type\":\"SearchAction\",\"target\":{\"@type\":\"EntryPoint\",\"urlTemplate\":\"https:\\\/\\\/www.tv-schweinheim.de\\\/wp\\\/?s={search_term_string}\"},\"query-input\":{\"@type\":\"PropertyValueSpecification\",\"valueRequired\":true,\"valueName\":\"search_term_string\"}}],\"inLanguage\":\"de\"},{\"@type\":\"Organization\",\"@id\":\"https:\\\/\\\/www.tv-schweinheim.de\\\/wp\\\/#organization\",\"name\":\"TV Schweinheim\",\"url\":\"https:\\\/\\\/www.tv-schweinheim.de\\\/wp\\\/\",\"logo\":{\"@type\":\"ImageObject\",\"inLanguage\":\"de\",\"@id\":\"https:\\\/\\\/www.tv-schweinheim.de\\\/wp\\\/#\\\/schema\\\/logo\\\/image\\\/\",\"url\":\"https:\\\/\\\/www.tv-schweinheim.de\\\/wp\\\/wp-content\\\/uploads\\\/2020\\\/06\\\/logo.png\",\"contentUrl\":\"https:\\\/\\\/www.tv-schweinheim.de\\\/wp\\\/wp-content\\\/uploads\\\/2020\\\/06\\\/logo.png\",\"width\":152,\"height\":146,\"caption\":\"TV Schweinheim\"},\"image\":{\"@id\":\"https:\\\/\\\/www.tv-schweinheim.de\\\/wp\\\/#\\\/schema\\\/logo\\\/image\\\/\"},\"sameAs\":[\"https:\\\/\\\/www.facebook.com\\\/turnvereinschweinheim\\\/\",\"https:\\\/\\\/www.instagram.com\\\/tv_schweinheim\\\/\"]},{\"@type\":\"Person\",\"@id\":\"https:\\\/\\\/www.tv-schweinheim.de\\\/wp\\\/#\\\/schema\\\/person\\\/915ee9d7e551cd0d56482210d3559051\",\"name\":\"TV Schweinheim\",\"image\":{\"@type\":\"ImageObject\",\"inLanguage\":\"de\",\"@id\":\"https:\\\/\\\/secure.gravatar.com\\\/avatar\\\/cc8d8ce0419cb19a9ea8d6ac28532150268e2dcc375b4224f15f39b3b6ca3675?s=96&d=mm&r=g\",\"url\":\"https:\\\/\\\/secure.gravatar.com\\\/avatar\\\/cc8d8ce0419cb19a9ea8d6ac28532150268e2dcc375b4224f15f39b3b6ca3675?s=96&d=mm&r=g\",\"contentUrl\":\"https:\\\/\\\/secure.gravatar.com\\\/avatar\\\/cc8d8ce0419cb19a9ea8d6ac28532150268e2dcc375b4224f15f39b3b6ca3675?s=96&d=mm&r=g\",\"caption\":\"TV Schweinheim\"},\"url\":\"https:\\\/\\\/www.tv-schweinheim.de\\\/wp\\\/author\\\/superuser\\\/\"}]}<\/script>\n<!-- \/ Yoast SEO plugin. -->","yoast_head_json":{"title":"FU\u00dfballjugend \u2013 Die Schwoijer! - Turnverein Schweinheim","robots":{"index":"index","follow":"follow","max-snippet":"max-snippet:-1","max-image-preview":"max-image-preview:large","max-video-preview":"max-video-preview:-1"},"canonical":"https:\/\/www.tv-schweinheim.de\/wp\/2024\/06\/03\/fussballjugend-die-schwoijer-34\/","og_locale":"de_DE","og_type":"article","og_title":"FU\u00dfballjugend \u2013 Die Schwoijer! - Turnverein Schweinheim","og_description":"D \u2013 Jugend:D1: MEISTER 2024Der Jahrgang 2012, marschiert ungeschlagen durch die D \u2013 Jugend Gruppe 04.Mit 18 Punkten und einem Torverh\u00e4ltnis von 25:4 Toren, aus sechs Spielen stehen uns nur dreier zu Buche, einzig beim Spiel gegen die Teutonia Obernau, die ohne Wertung antraten musste man sich mit einem Remis begn\u00fcgen.Das Trainertrio Alex, Maid und&hellip;&nbsp;Mehr lesen &raquo;FU\u00dfballjugend \u2013 Die Schwoijer!","og_url":"https:\/\/www.tv-schweinheim.de\/wp\/2024\/06\/03\/fussballjugend-die-schwoijer-34\/","og_site_name":"Turnverein Schweinheim","article_publisher":"https:\/\/www.facebook.com\/turnvereinschweinheim\/","article_published_time":"2024-06-03T16:39:41+00:00","article_modified_time":"2024-06-03T16:49:18+00:00","og_image":[{"width":1351,"height":952,"url":"https:\/\/www.tv-schweinheim.de\/wp\/wp-content\/uploads\/2024\/06\/UBZ.jpg","type":"image\/jpeg"}],"author":"TV Schweinheim","twitter_card":"summary_large_image","twitter_misc":{"Verfasst von":"TV Schweinheim","Gesch\u00e4tzte Lesezeit":"3\u00a0Minuten"},"schema":{"@context":"https:\/\/schema.org","@graph":[{"@type":"Article","@id":"https:\/\/www.tv-schweinheim.de\/wp\/2024\/06\/03\/fussballjugend-die-schwoijer-34\/#article","isPartOf":{"@id":"https:\/\/www.tv-schweinheim.de\/wp\/2024\/06\/03\/fussballjugend-die-schwoijer-34\/"},"author":{"name":"TV Schweinheim","@id":"https:\/\/www.tv-schweinheim.de\/wp\/#\/schema\/person\/915ee9d7e551cd0d56482210d3559051"},"headline":"FU\u00dfballjugend \u2013 Die Schwoijer!","datePublished":"2024-06-03T16:39:41+00:00","dateModified":"2024-06-03T16:49:18+00:00","mainEntityOfPage":{"@id":"https:\/\/www.tv-schweinheim.de\/wp\/2024\/06\/03\/fussballjugend-die-schwoijer-34\/"},"wordCount":295,"publisher":{"@id":"https:\/\/www.tv-schweinheim.de\/wp\/#organization"},"image":{"@id":"https:\/\/www.tv-schweinheim.de\/wp\/2024\/06\/03\/fussballjugend-die-schwoijer-34\/#primaryimage"},"thumbnailUrl":"https:\/\/www.tv-schweinheim.de\/wp\/wp-content\/uploads\/2024\/06\/UBZ.jpg","articleSection":["Fu\u00dfballjugend","Vereinsnachrichten"],"inLanguage":"de"},{"@type":"WebPage","@id":"https:\/\/www.tv-schweinheim.de\/wp\/2024\/06\/03\/fussballjugend-die-schwoijer-34\/","url":"https:\/\/www.tv-schweinheim.de\/wp\/2024\/06\/03\/fussballjugend-die-schwoijer-34\/","name":"FU\u00dfballjugend \u2013 Die Schwoijer! - Turnverein Schweinheim","isPartOf":{"@id":"https:\/\/www.tv-schweinheim.de\/wp\/#website"},"primaryImageOfPage":{"@id":"https:\/\/www.tv-schweinheim.de\/wp\/2024\/06\/03\/fussballjugend-die-schwoijer-34\/#primaryimage"},"image":{"@id":"https:\/\/www.tv-schweinheim.de\/wp\/2024\/06\/03\/fussballjugend-die-schwoijer-34\/#primaryimage"},"thumbnailUrl":"https:\/\/www.tv-schweinheim.de\/wp\/wp-content\/uploads\/2024\/06\/UBZ.jpg","datePublished":"2024-06-03T16:39:41+00:00","dateModified":"2024-06-03T16:49:18+00:00","breadcrumb":{"@id":"https:\/\/www.tv-schweinheim.de\/wp\/2024\/06\/03\/fussballjugend-die-schwoijer-34\/#breadcrumb"},"inLanguage":"de","potentialAction":[{"@type":"ReadAction","target":["https:\/\/www.tv-schweinheim.de\/wp\/2024\/06\/03\/fussballjugend-die-schwoijer-34\/"]}]},{"@type":"ImageObject","inLanguage":"de","@id":"https:\/\/www.tv-schweinheim.de\/wp\/2024\/06\/03\/fussballjugend-die-schwoijer-34\/#primaryimage","url":"https:\/\/www.tv-schweinheim.de\/wp\/wp-content\/uploads\/2024\/06\/UBZ.jpg","contentUrl":"https:\/\/www.tv-schweinheim.de\/wp\/wp-content\/uploads\/2024\/06\/UBZ.jpg","width":1351,"height":952},{"@type":"BreadcrumbList","@id":"https:\/\/www.tv-schweinheim.de\/wp\/2024\/06\/03\/fussballjugend-die-schwoijer-34\/#breadcrumb","itemListElement":[{"@type":"ListItem","position":1,"name":"Startseite","item":"https:\/\/www.tv-schweinheim.de\/wp\/"},{"@type":"ListItem","position":2,"name":"FU\u00dfballjugend \u2013 Die Schwoijer!"}]},{"@type":"WebSite","@id":"https:\/\/www.tv-schweinheim.de\/wp\/#website","url":"https:\/\/www.tv-schweinheim.de\/wp\/","name":"Turnverein Schweinheim","description":"1885 e.V.","publisher":{"@id":"https:\/\/www.tv-schweinheim.de\/wp\/#organization"},"potentialAction":[{"@type":"SearchAction","target":{"@type":"EntryPoint","urlTemplate":"https:\/\/www.tv-schweinheim.de\/wp\/?s={search_term_string}"},"query-input":{"@type":"PropertyValueSpecification","valueRequired":true,"valueName":"search_term_string"}}],"inLanguage":"de"},{"@type":"Organization","@id":"https:\/\/www.tv-schweinheim.de\/wp\/#organization","name":"TV Schweinheim","url":"https:\/\/www.tv-schweinheim.de\/wp\/","logo":{"@type":"ImageObject","inLanguage":"de","@id":"https:\/\/www.tv-schweinheim.de\/wp\/#\/schema\/logo\/image\/","url":"https:\/\/www.tv-schweinheim.de\/wp\/wp-content\/uploads\/2020\/06\/logo.png","contentUrl":"https:\/\/www.tv-schweinheim.de\/wp\/wp-content\/uploads\/2020\/06\/logo.png","width":152,"height":146,"caption":"TV Schweinheim"},"image":{"@id":"https:\/\/www.tv-schweinheim.de\/wp\/#\/schema\/logo\/image\/"},"sameAs":["https:\/\/www.facebook.com\/turnvereinschweinheim\/","https:\/\/www.instagram.com\/tv_schweinheim\/"]},{"@type":"Person","@id":"https:\/\/www.tv-schweinheim.de\/wp\/#\/schema\/person\/915ee9d7e551cd0d56482210d3559051","name":"TV Schweinheim","image":{"@type":"ImageObject","inLanguage":"de","@id":"https:\/\/secure.gravatar.com\/avatar\/cc8d8ce0419cb19a9ea8d6ac28532150268e2dcc375b4224f15f39b3b6ca3675?s=96&d=mm&r=g","url":"https:\/\/secure.gravatar.com\/avatar\/cc8d8ce0419cb19a9ea8d6ac28532150268e2dcc375b4224f15f39b3b6ca3675?s=96&d=mm&r=g","contentUrl":"https:\/\/secure.gravatar.com\/avatar\/cc8d8ce0419cb19a9ea8d6ac28532150268e2dcc375b4224f15f39b3b6ca3675?s=96&d=mm&r=g","caption":"TV Schweinheim"},"url":"https:\/\/www.tv-schweinheim.de\/wp\/author\/superuser\/"}]}},"_links":{"self":[{"href":"https:\/\/www.tv-schweinheim.de\/wp\/wp-json\/wp\/v2\/posts\/13073","targetHints":{"allow":["GET"]}}],"collection":[{"href":"https:\/\/www.tv-schweinheim.de\/wp\/wp-json\/wp\/v2\/posts"}],"about":[{"href":"https:\/\/www.tv-schweinheim.de\/wp\/wp-json\/wp\/v2\/types\/post"}],"author":[{"embeddable":true,"href":"https:\/\/www.tv-schweinheim.de\/wp\/wp-json\/wp\/v2\/users\/1"}],"replies":[{"embeddable":true,"href":"https:\/\/www.tv-schweinheim.de\/wp\/wp-json\/wp\/v2\/comments?post=13073"}],"version-history":[{"count":8,"href":"https:\/\/www.tv-schweinheim.de\/wp\/wp-json\/wp\/v2\/posts\/13073\/revisions"}],"predecessor-version":[{"id":13086,"href":"https:\/\/www.tv-schweinheim.de\/wp\/wp-json\/wp\/v2\/posts\/13073\/revisions\/13086"}],"wp:featuredmedia":[{"embeddable":true,"href":"https:\/\/www.tv-schweinheim.de\/wp\/wp-json\/wp\/v2\/media\/13074"}],"wp:attachment":[{"href":"https:\/\/www.tv-schweinheim.de\/wp\/wp-json\/wp\/v2\/media?parent=13073"}],"wp:term":[{"taxonomy":"category","embeddable":true,"href":"https:\/\/www.tv-schweinheim.de\/wp\/wp-json\/wp\/v2\/categories?post=13073"},{"taxonomy":"post_tag","embeddable":true,"href":"https:\/\/www.tv-schweinheim.de\/wp\/wp-json\/wp\/v2\/tags?post=13073"}],"curies":[{"name":"wp","href":"https:\/\/api.w.org\/{rel}","templated":true}]}}