{"id":13946,"date":"2024-12-03T11:05:33","date_gmt":"2024-12-03T09:05:33","guid":{"rendered":"https:\/\/www.tv-schweinheim.de\/wp\/?p=13946"},"modified":"2024-12-03T11:09:50","modified_gmt":"2024-12-03T09:09:50","slug":"fussballjugend-die-schwoijer-54","status":"publish","type":"post","link":"https:\/\/www.tv-schweinheim.de\/wp\/2024\/12\/03\/fussballjugend-die-schwoijer-54\/","title":{"rendered":"Fu\u00dfballjugend \u2013 Die Schwoijer!"},"content":{"rendered":"\t\t<div data-elementor-type=\"wp-post\" data-elementor-id=\"13946\" class=\"elementor elementor-13946\">\n\t\t\t\t\t\t<section class=\"elementor-section elementor-top-section elementor-element elementor-element-a3e0da5 elementor-section-boxed elementor-section-height-default elementor-section-height-default\" data-id=\"a3e0da5\" data-element_type=\"section\" data-e-type=\"section\">\n\t\t\t\t\t\t<div class=\"elementor-container elementor-column-gap-default\">\n\t\t\t\t\t<div class=\"elementor-column elementor-col-100 elementor-top-column elementor-element elementor-element-2f8b349\" data-id=\"2f8b349\" data-element_type=\"column\" data-e-type=\"column\">\n\t\t\t<div class=\"elementor-widget-wrap elementor-element-populated\">\n\t\t\t\t\t\t<div class=\"elementor-element elementor-element-15c0def elementor-widget elementor-widget-text-editor\" data-id=\"15c0def\" data-element_type=\"widget\" data-e-type=\"widget\" data-widget_type=\"text-editor.default\">\n\t\t\t\t<div class=\"elementor-widget-container\">\n\t\t\t\t\t\t\t\t\t<p><strong>U11\/E \u2013 Jugend:<\/strong><br \/><strong>S\u00fcwag-Energie-Hallencup 2024<\/strong><\/p><p><br \/><strong>U11\/E1 \u2013 Jahrgang 2014:<\/strong><br \/><strong>Turniersieger!<\/strong><br \/>In einem nervenauftreibenden Turnier geht der TVS als verdienter Sieger vom Feld. Mit drei Siegen aus der Vorrunde und nur eine Niederlage gegen den sp\u00e4teren Finalgegner, Alemannia Haibach war der zweite Platz in der Gruppe das Ticket f\u00fcr das Halbfinale. Ab diesem Zeitpunkt war es nichts mehr f\u00fcr schwache Nerven, in einem Halbfinale, das an Spannung kaum zu \u00fcbertreffen war, waren wir nach dem Remis vom Punkt aus einfach treffsicherer als der TSV Mainaschaff. B\u00e4renstark auf der Linie war unser Keeper Linus, der drei Elfmeter sensationell parierte und einen selbst versenkte. Im Finale wartete dann wieder unser Gruppengegner, gegen den wir in der Vorrunde noch knapp unterlegen waren. Im Finale stand aber unsere Abwehr bombensicher und so reichte uns ein Tor f\u00fcr den knappen, aber verdienten Turniersieg.<br \/>Vorrunde:<br \/>TV Schweinheim \u2013 Wasserlos\/H\u00f6rstein 3:1 Tore: Lenny, Ryan &amp; Jakob<br \/>TV Schweinheim \u2013 Eintr. Leidersbach 2:0 Tore: Lenny(2)<br \/>TV Schweinheim \u2013 Alem. Haibach 0:1<br \/>TV Schweinheim \u2013 DJK\/TuS Leider 3:2 Tore: Jakob(2) &amp; Ryan<br \/>Halbfinale:<br \/>TV Schweinheim \u2013 TSV Mainaschaff 5:4 n.E. Tore: Jakob, Lenny, Pierre, Linus &amp; Mika<br \/>Finale:<br \/>TV Schweinheim \u2013 Alem. Haibach 1:0 Tor: Lenny<\/p>\t\t\t\t\t\t\t\t<\/div>\n\t\t\t\t<\/div>\n\t\t\t\t\t<\/div>\n\t\t<\/div>\n\t\t\t\t\t<\/div>\n\t\t<\/section>\n\t\t\t\t<section class=\"elementor-section elementor-top-section elementor-element elementor-element-084cc71 elementor-section-boxed elementor-section-height-default elementor-section-height-default\" data-id=\"084cc71\" data-element_type=\"section\" data-e-type=\"section\">\n\t\t\t\t\t\t<div class=\"elementor-container elementor-column-gap-default\">\n\t\t\t\t\t<div class=\"elementor-column elementor-col-100 elementor-top-column elementor-element elementor-element-81f35a3\" data-id=\"81f35a3\" data-element_type=\"column\" data-e-type=\"column\">\n\t\t\t<div class=\"elementor-widget-wrap elementor-element-populated\">\n\t\t\t\t\t\t<div class=\"elementor-element elementor-element-bf37942 elementor-widget elementor-widget-image\" data-id=\"bf37942\" data-element_type=\"widget\" data-e-type=\"widget\" data-widget_type=\"image.default\">\n\t\t\t\t<div class=\"elementor-widget-container\">\n\t\t\t\t\t\t\t\t\t\t\t\t\t\t\t<img fetchpriority=\"high\" decoding=\"async\" width=\"893\" height=\"767\" src=\"https:\/\/www.tv-schweinheim.de\/wp\/wp-content\/uploads\/2024\/12\/2014SW.jpg\" class=\"attachment-large size-large wp-image-13947\" alt=\"\" srcset=\"https:\/\/www.tv-schweinheim.de\/wp\/wp-content\/uploads\/2024\/12\/2014SW.jpg 893w, https:\/\/www.tv-schweinheim.de\/wp\/wp-content\/uploads\/2024\/12\/2014SW-300x258.jpg 300w, https:\/\/www.tv-schweinheim.de\/wp\/wp-content\/uploads\/2024\/12\/2014SW-768x660.jpg 768w\" sizes=\"(max-width: 893px) 100vw, 893px\" \/>\t\t\t\t\t\t\t\t\t\t\t\t\t\t\t<\/div>\n\t\t\t\t<\/div>\n\t\t\t\t\t<\/div>\n\t\t<\/div>\n\t\t\t\t\t<\/div>\n\t\t<\/section>\n\t\t\t\t<section class=\"elementor-section elementor-top-section elementor-element elementor-element-25a3435 elementor-section-boxed elementor-section-height-default elementor-section-height-default\" data-id=\"25a3435\" data-element_type=\"section\" data-e-type=\"section\">\n\t\t\t\t\t\t<div class=\"elementor-container elementor-column-gap-default\">\n\t\t\t\t\t<div class=\"elementor-column elementor-col-100 elementor-top-column elementor-element elementor-element-2baa53f\" data-id=\"2baa53f\" data-element_type=\"column\" data-e-type=\"column\">\n\t\t\t<div class=\"elementor-widget-wrap elementor-element-populated\">\n\t\t\t\t\t\t<div class=\"elementor-element elementor-element-62f83f2 elementor-widget elementor-widget-text-editor\" data-id=\"62f83f2\" data-element_type=\"widget\" data-e-type=\"widget\" data-widget_type=\"text-editor.default\">\n\t\t\t\t<div class=\"elementor-widget-container\">\n\t\t\t\t\t\t\t\t\t<p><strong>U10\/E2 \u2013 Jahrgang 2015:<\/strong><br \/>Der TVS verpasst knapp die Finalrunde und musste nur eine einzige knappe Niederlage hinnehmen.<br \/>Bei den drei Unentschieden fehlet uns ab und an etwas Gl\u00fcck, um eine Partie noch in einen Sieg zu drehen. Der TVS pr\u00e4sentierte sich sehr fair und unheimlich spielstark.<br \/>TV Schweinheim \u2013 SV Stockstadt 0:1<br \/>TV Schweinheim \u2013 Eintr. Leidersbach 1:1<br \/>TV Schweinheim \u2013 Vatan Spor AB 0:0<br \/>TV Schweinheim \u2013 SG Karlstein 2:2<br \/><br \/>Bericht: ML<\/p>\t\t\t\t\t\t\t\t<\/div>\n\t\t\t\t<\/div>\n\t\t\t\t\t<\/div>\n\t\t<\/div>\n\t\t\t\t\t<\/div>\n\t\t<\/section>\n\t\t\t\t<\/div>\n\t\t","protected":false},"excerpt":{"rendered":"<p>U11\/E \u2013 Jugend:S\u00fcwag-Energie-Hallencup 2024 U11\/E1 \u2013 Jahrgang 2014:Turniersieger!In einem nervenauftreibenden Turnier geht der TVS als verdienter Sieger vom Feld. Mit drei Siegen aus der Vorrunde und nur eine Niederlage gegen den sp\u00e4teren Finalgegner, Alemannia Haibach war der zweite Platz in der Gruppe das Ticket f\u00fcr das Halbfinale. Ab diesem Zeitpunkt war es nichts mehr f\u00fcr&hellip;&nbsp;<a href=\"https:\/\/www.tv-schweinheim.de\/wp\/2024\/12\/03\/fussballjugend-die-schwoijer-54\/\" rel=\"bookmark\">Mehr lesen &raquo;<span class=\"screen-reader-text\">Fu\u00dfballjugend \u2013 Die Schwoijer!<\/span><\/a><\/p>\n","protected":false},"author":1,"featured_media":13948,"comment_status":"closed","ping_status":"open","sticky":false,"template":"","format":"standard","meta":{"_acf_changed":false,"neve_meta_sidebar":"","neve_meta_container":"","neve_meta_enable_content_width":"","neve_meta_content_width":0,"neve_meta_title_alignment":"","neve_meta_author_avatar":"","neve_post_elements_order":"","neve_meta_disable_header":"","neve_meta_disable_footer":"","neve_meta_disable_title":"","neve_meta_reading_time":"","footnotes":""},"categories":[109,1],"tags":[],"class_list":["post-13946","post","type-post","status-publish","format-standard","has-post-thumbnail","hentry","category-fussballjugend","category-vereinsnachrichten"],"acf":[],"yoast_head":"<!-- This site is optimized with the Yoast SEO plugin v27.4 - https:\/\/yoast.com\/product\/yoast-seo-wordpress\/ -->\n<title>Fu\u00dfballjugend \u2013 Die Schwoijer! - Turnverein Schweinheim<\/title>\n<meta name=\"robots\" content=\"index, follow, max-snippet:-1, max-image-preview:large, max-video-preview:-1\" \/>\n<link rel=\"canonical\" href=\"https:\/\/www.tv-schweinheim.de\/wp\/2024\/12\/03\/fussballjugend-die-schwoijer-54\/\" \/>\n<meta property=\"og:locale\" content=\"de_DE\" \/>\n<meta property=\"og:type\" content=\"article\" \/>\n<meta property=\"og:title\" content=\"Fu\u00dfballjugend \u2013 Die Schwoijer! - Turnverein Schweinheim\" \/>\n<meta property=\"og:description\" content=\"U11\/E \u2013 Jugend:S\u00fcwag-Energie-Hallencup 2024 U11\/E1 \u2013 Jahrgang 2014:Turniersieger!In einem nervenauftreibenden Turnier geht der TVS als verdienter Sieger vom Feld. Mit drei Siegen aus der Vorrunde und nur eine Niederlage gegen den sp\u00e4teren Finalgegner, Alemannia Haibach war der zweite Platz in der Gruppe das Ticket f\u00fcr das Halbfinale. Ab diesem Zeitpunkt war es nichts mehr f\u00fcr&hellip;&nbsp;Mehr lesen &raquo;Fu\u00dfballjugend \u2013 Die Schwoijer!\" \/>\n<meta property=\"og:url\" content=\"https:\/\/www.tv-schweinheim.de\/wp\/2024\/12\/03\/fussballjugend-die-schwoijer-54\/\" \/>\n<meta property=\"og:site_name\" content=\"Turnverein Schweinheim\" \/>\n<meta property=\"article:publisher\" content=\"https:\/\/www.facebook.com\/turnvereinschweinheim\/\" \/>\n<meta property=\"article:published_time\" content=\"2024-12-03T09:05:33+00:00\" \/>\n<meta property=\"article:modified_time\" content=\"2024-12-03T09:09:50+00:00\" \/>\n<meta property=\"og:image\" content=\"https:\/\/www.tv-schweinheim.de\/wp\/wp-content\/uploads\/2024\/12\/2015SW.jpg\" \/>\n\t<meta property=\"og:image:width\" content=\"1111\" \/>\n\t<meta property=\"og:image:height\" content=\"900\" \/>\n\t<meta property=\"og:image:type\" content=\"image\/jpeg\" \/>\n<meta name=\"author\" content=\"TV Schweinheim\" \/>\n<meta name=\"twitter:card\" content=\"summary_large_image\" \/>\n<meta name=\"twitter:label1\" content=\"Verfasst von\" \/>\n\t<meta name=\"twitter:data1\" content=\"TV Schweinheim\" \/>\n\t<meta name=\"twitter:label2\" content=\"Gesch\u00e4tzte Lesezeit\" \/>\n\t<meta name=\"twitter:data2\" content=\"2\u00a0Minuten\" \/>\n<script type=\"application\/ld+json\" class=\"yoast-schema-graph\">{\"@context\":\"https:\\\/\\\/schema.org\",\"@graph\":[{\"@type\":\"Article\",\"@id\":\"https:\\\/\\\/www.tv-schweinheim.de\\\/wp\\\/2024\\\/12\\\/03\\\/fussballjugend-die-schwoijer-54\\\/#article\",\"isPartOf\":{\"@id\":\"https:\\\/\\\/www.tv-schweinheim.de\\\/wp\\\/2024\\\/12\\\/03\\\/fussballjugend-die-schwoijer-54\\\/\"},\"author\":{\"name\":\"TV Schweinheim\",\"@id\":\"https:\\\/\\\/www.tv-schweinheim.de\\\/wp\\\/#\\\/schema\\\/person\\\/915ee9d7e551cd0d56482210d3559051\"},\"headline\":\"Fu\u00dfballjugend \u2013 Die Schwoijer!\",\"datePublished\":\"2024-12-03T09:05:33+00:00\",\"dateModified\":\"2024-12-03T09:09:50+00:00\",\"mainEntityOfPage\":{\"@id\":\"https:\\\/\\\/www.tv-schweinheim.de\\\/wp\\\/2024\\\/12\\\/03\\\/fussballjugend-die-schwoijer-54\\\/\"},\"wordCount\":260,\"publisher\":{\"@id\":\"https:\\\/\\\/www.tv-schweinheim.de\\\/wp\\\/#organization\"},\"image\":{\"@id\":\"https:\\\/\\\/www.tv-schweinheim.de\\\/wp\\\/2024\\\/12\\\/03\\\/fussballjugend-die-schwoijer-54\\\/#primaryimage\"},\"thumbnailUrl\":\"https:\\\/\\\/www.tv-schweinheim.de\\\/wp\\\/wp-content\\\/uploads\\\/2024\\\/12\\\/2015SW.jpg\",\"articleSection\":[\"Fu\u00dfballjugend\",\"Vereinsnachrichten\"],\"inLanguage\":\"de\"},{\"@type\":\"WebPage\",\"@id\":\"https:\\\/\\\/www.tv-schweinheim.de\\\/wp\\\/2024\\\/12\\\/03\\\/fussballjugend-die-schwoijer-54\\\/\",\"url\":\"https:\\\/\\\/www.tv-schweinheim.de\\\/wp\\\/2024\\\/12\\\/03\\\/fussballjugend-die-schwoijer-54\\\/\",\"name\":\"Fu\u00dfballjugend \u2013 Die Schwoijer! - Turnverein Schweinheim\",\"isPartOf\":{\"@id\":\"https:\\\/\\\/www.tv-schweinheim.de\\\/wp\\\/#website\"},\"primaryImageOfPage\":{\"@id\":\"https:\\\/\\\/www.tv-schweinheim.de\\\/wp\\\/2024\\\/12\\\/03\\\/fussballjugend-die-schwoijer-54\\\/#primaryimage\"},\"image\":{\"@id\":\"https:\\\/\\\/www.tv-schweinheim.de\\\/wp\\\/2024\\\/12\\\/03\\\/fussballjugend-die-schwoijer-54\\\/#primaryimage\"},\"thumbnailUrl\":\"https:\\\/\\\/www.tv-schweinheim.de\\\/wp\\\/wp-content\\\/uploads\\\/2024\\\/12\\\/2015SW.jpg\",\"datePublished\":\"2024-12-03T09:05:33+00:00\",\"dateModified\":\"2024-12-03T09:09:50+00:00\",\"breadcrumb\":{\"@id\":\"https:\\\/\\\/www.tv-schweinheim.de\\\/wp\\\/2024\\\/12\\\/03\\\/fussballjugend-die-schwoijer-54\\\/#breadcrumb\"},\"inLanguage\":\"de\",\"potentialAction\":[{\"@type\":\"ReadAction\",\"target\":[\"https:\\\/\\\/www.tv-schweinheim.de\\\/wp\\\/2024\\\/12\\\/03\\\/fussballjugend-die-schwoijer-54\\\/\"]}]},{\"@type\":\"ImageObject\",\"inLanguage\":\"de\",\"@id\":\"https:\\\/\\\/www.tv-schweinheim.de\\\/wp\\\/2024\\\/12\\\/03\\\/fussballjugend-die-schwoijer-54\\\/#primaryimage\",\"url\":\"https:\\\/\\\/www.tv-schweinheim.de\\\/wp\\\/wp-content\\\/uploads\\\/2024\\\/12\\\/2015SW.jpg\",\"contentUrl\":\"https:\\\/\\\/www.tv-schweinheim.de\\\/wp\\\/wp-content\\\/uploads\\\/2024\\\/12\\\/2015SW.jpg\",\"width\":1111,\"height\":900},{\"@type\":\"BreadcrumbList\",\"@id\":\"https:\\\/\\\/www.tv-schweinheim.de\\\/wp\\\/2024\\\/12\\\/03\\\/fussballjugend-die-schwoijer-54\\\/#breadcrumb\",\"itemListElement\":[{\"@type\":\"ListItem\",\"position\":1,\"name\":\"Startseite\",\"item\":\"https:\\\/\\\/www.tv-schweinheim.de\\\/wp\\\/\"},{\"@type\":\"ListItem\",\"position\":2,\"name\":\"Fu\u00dfballjugend \u2013 Die Schwoijer!\"}]},{\"@type\":\"WebSite\",\"@id\":\"https:\\\/\\\/www.tv-schweinheim.de\\\/wp\\\/#website\",\"url\":\"https:\\\/\\\/www.tv-schweinheim.de\\\/wp\\\/\",\"name\":\"Turnverein Schweinheim\",\"description\":\"1885 e.V.\",\"publisher\":{\"@id\":\"https:\\\/\\\/www.tv-schweinheim.de\\\/wp\\\/#organization\"},\"potentialAction\":[{\"@type\":\"SearchAction\",\"target\":{\"@type\":\"EntryPoint\",\"urlTemplate\":\"https:\\\/\\\/www.tv-schweinheim.de\\\/wp\\\/?s={search_term_string}\"},\"query-input\":{\"@type\":\"PropertyValueSpecification\",\"valueRequired\":true,\"valueName\":\"search_term_string\"}}],\"inLanguage\":\"de\"},{\"@type\":\"Organization\",\"@id\":\"https:\\\/\\\/www.tv-schweinheim.de\\\/wp\\\/#organization\",\"name\":\"TV Schweinheim\",\"url\":\"https:\\\/\\\/www.tv-schweinheim.de\\\/wp\\\/\",\"logo\":{\"@type\":\"ImageObject\",\"inLanguage\":\"de\",\"@id\":\"https:\\\/\\\/www.tv-schweinheim.de\\\/wp\\\/#\\\/schema\\\/logo\\\/image\\\/\",\"url\":\"https:\\\/\\\/www.tv-schweinheim.de\\\/wp\\\/wp-content\\\/uploads\\\/2020\\\/06\\\/logo.png\",\"contentUrl\":\"https:\\\/\\\/www.tv-schweinheim.de\\\/wp\\\/wp-content\\\/uploads\\\/2020\\\/06\\\/logo.png\",\"width\":152,\"height\":146,\"caption\":\"TV Schweinheim\"},\"image\":{\"@id\":\"https:\\\/\\\/www.tv-schweinheim.de\\\/wp\\\/#\\\/schema\\\/logo\\\/image\\\/\"},\"sameAs\":[\"https:\\\/\\\/www.facebook.com\\\/turnvereinschweinheim\\\/\",\"https:\\\/\\\/www.instagram.com\\\/tv_schweinheim\\\/\"]},{\"@type\":\"Person\",\"@id\":\"https:\\\/\\\/www.tv-schweinheim.de\\\/wp\\\/#\\\/schema\\\/person\\\/915ee9d7e551cd0d56482210d3559051\",\"name\":\"TV Schweinheim\",\"image\":{\"@type\":\"ImageObject\",\"inLanguage\":\"de\",\"@id\":\"https:\\\/\\\/secure.gravatar.com\\\/avatar\\\/cc8d8ce0419cb19a9ea8d6ac28532150268e2dcc375b4224f15f39b3b6ca3675?s=96&d=mm&r=g\",\"url\":\"https:\\\/\\\/secure.gravatar.com\\\/avatar\\\/cc8d8ce0419cb19a9ea8d6ac28532150268e2dcc375b4224f15f39b3b6ca3675?s=96&d=mm&r=g\",\"contentUrl\":\"https:\\\/\\\/secure.gravatar.com\\\/avatar\\\/cc8d8ce0419cb19a9ea8d6ac28532150268e2dcc375b4224f15f39b3b6ca3675?s=96&d=mm&r=g\",\"caption\":\"TV Schweinheim\"},\"url\":\"https:\\\/\\\/www.tv-schweinheim.de\\\/wp\\\/author\\\/superuser\\\/\"}]}<\/script>\n<!-- \/ Yoast SEO plugin. -->","yoast_head_json":{"title":"Fu\u00dfballjugend \u2013 Die Schwoijer! - Turnverein Schweinheim","robots":{"index":"index","follow":"follow","max-snippet":"max-snippet:-1","max-image-preview":"max-image-preview:large","max-video-preview":"max-video-preview:-1"},"canonical":"https:\/\/www.tv-schweinheim.de\/wp\/2024\/12\/03\/fussballjugend-die-schwoijer-54\/","og_locale":"de_DE","og_type":"article","og_title":"Fu\u00dfballjugend \u2013 Die Schwoijer! - Turnverein Schweinheim","og_description":"U11\/E \u2013 Jugend:S\u00fcwag-Energie-Hallencup 2024 U11\/E1 \u2013 Jahrgang 2014:Turniersieger!In einem nervenauftreibenden Turnier geht der TVS als verdienter Sieger vom Feld. Mit drei Siegen aus der Vorrunde und nur eine Niederlage gegen den sp\u00e4teren Finalgegner, Alemannia Haibach war der zweite Platz in der Gruppe das Ticket f\u00fcr das Halbfinale. Ab diesem Zeitpunkt war es nichts mehr f\u00fcr&hellip;&nbsp;Mehr lesen &raquo;Fu\u00dfballjugend \u2013 Die Schwoijer!","og_url":"https:\/\/www.tv-schweinheim.de\/wp\/2024\/12\/03\/fussballjugend-die-schwoijer-54\/","og_site_name":"Turnverein Schweinheim","article_publisher":"https:\/\/www.facebook.com\/turnvereinschweinheim\/","article_published_time":"2024-12-03T09:05:33+00:00","article_modified_time":"2024-12-03T09:09:50+00:00","og_image":[{"width":1111,"height":900,"url":"https:\/\/www.tv-schweinheim.de\/wp\/wp-content\/uploads\/2024\/12\/2015SW.jpg","type":"image\/jpeg"}],"author":"TV Schweinheim","twitter_card":"summary_large_image","twitter_misc":{"Verfasst von":"TV Schweinheim","Gesch\u00e4tzte Lesezeit":"2\u00a0Minuten"},"schema":{"@context":"https:\/\/schema.org","@graph":[{"@type":"Article","@id":"https:\/\/www.tv-schweinheim.de\/wp\/2024\/12\/03\/fussballjugend-die-schwoijer-54\/#article","isPartOf":{"@id":"https:\/\/www.tv-schweinheim.de\/wp\/2024\/12\/03\/fussballjugend-die-schwoijer-54\/"},"author":{"name":"TV Schweinheim","@id":"https:\/\/www.tv-schweinheim.de\/wp\/#\/schema\/person\/915ee9d7e551cd0d56482210d3559051"},"headline":"Fu\u00dfballjugend \u2013 Die Schwoijer!","datePublished":"2024-12-03T09:05:33+00:00","dateModified":"2024-12-03T09:09:50+00:00","mainEntityOfPage":{"@id":"https:\/\/www.tv-schweinheim.de\/wp\/2024\/12\/03\/fussballjugend-die-schwoijer-54\/"},"wordCount":260,"publisher":{"@id":"https:\/\/www.tv-schweinheim.de\/wp\/#organization"},"image":{"@id":"https:\/\/www.tv-schweinheim.de\/wp\/2024\/12\/03\/fussballjugend-die-schwoijer-54\/#primaryimage"},"thumbnailUrl":"https:\/\/www.tv-schweinheim.de\/wp\/wp-content\/uploads\/2024\/12\/2015SW.jpg","articleSection":["Fu\u00dfballjugend","Vereinsnachrichten"],"inLanguage":"de"},{"@type":"WebPage","@id":"https:\/\/www.tv-schweinheim.de\/wp\/2024\/12\/03\/fussballjugend-die-schwoijer-54\/","url":"https:\/\/www.tv-schweinheim.de\/wp\/2024\/12\/03\/fussballjugend-die-schwoijer-54\/","name":"Fu\u00dfballjugend \u2013 Die Schwoijer! - Turnverein Schweinheim","isPartOf":{"@id":"https:\/\/www.tv-schweinheim.de\/wp\/#website"},"primaryImageOfPage":{"@id":"https:\/\/www.tv-schweinheim.de\/wp\/2024\/12\/03\/fussballjugend-die-schwoijer-54\/#primaryimage"},"image":{"@id":"https:\/\/www.tv-schweinheim.de\/wp\/2024\/12\/03\/fussballjugend-die-schwoijer-54\/#primaryimage"},"thumbnailUrl":"https:\/\/www.tv-schweinheim.de\/wp\/wp-content\/uploads\/2024\/12\/2015SW.jpg","datePublished":"2024-12-03T09:05:33+00:00","dateModified":"2024-12-03T09:09:50+00:00","breadcrumb":{"@id":"https:\/\/www.tv-schweinheim.de\/wp\/2024\/12\/03\/fussballjugend-die-schwoijer-54\/#breadcrumb"},"inLanguage":"de","potentialAction":[{"@type":"ReadAction","target":["https:\/\/www.tv-schweinheim.de\/wp\/2024\/12\/03\/fussballjugend-die-schwoijer-54\/"]}]},{"@type":"ImageObject","inLanguage":"de","@id":"https:\/\/www.tv-schweinheim.de\/wp\/2024\/12\/03\/fussballjugend-die-schwoijer-54\/#primaryimage","url":"https:\/\/www.tv-schweinheim.de\/wp\/wp-content\/uploads\/2024\/12\/2015SW.jpg","contentUrl":"https:\/\/www.tv-schweinheim.de\/wp\/wp-content\/uploads\/2024\/12\/2015SW.jpg","width":1111,"height":900},{"@type":"BreadcrumbList","@id":"https:\/\/www.tv-schweinheim.de\/wp\/2024\/12\/03\/fussballjugend-die-schwoijer-54\/#breadcrumb","itemListElement":[{"@type":"ListItem","position":1,"name":"Startseite","item":"https:\/\/www.tv-schweinheim.de\/wp\/"},{"@type":"ListItem","position":2,"name":"Fu\u00dfballjugend \u2013 Die Schwoijer!"}]},{"@type":"WebSite","@id":"https:\/\/www.tv-schweinheim.de\/wp\/#website","url":"https:\/\/www.tv-schweinheim.de\/wp\/","name":"Turnverein Schweinheim","description":"1885 e.V.","publisher":{"@id":"https:\/\/www.tv-schweinheim.de\/wp\/#organization"},"potentialAction":[{"@type":"SearchAction","target":{"@type":"EntryPoint","urlTemplate":"https:\/\/www.tv-schweinheim.de\/wp\/?s={search_term_string}"},"query-input":{"@type":"PropertyValueSpecification","valueRequired":true,"valueName":"search_term_string"}}],"inLanguage":"de"},{"@type":"Organization","@id":"https:\/\/www.tv-schweinheim.de\/wp\/#organization","name":"TV Schweinheim","url":"https:\/\/www.tv-schweinheim.de\/wp\/","logo":{"@type":"ImageObject","inLanguage":"de","@id":"https:\/\/www.tv-schweinheim.de\/wp\/#\/schema\/logo\/image\/","url":"https:\/\/www.tv-schweinheim.de\/wp\/wp-content\/uploads\/2020\/06\/logo.png","contentUrl":"https:\/\/www.tv-schweinheim.de\/wp\/wp-content\/uploads\/2020\/06\/logo.png","width":152,"height":146,"caption":"TV Schweinheim"},"image":{"@id":"https:\/\/www.tv-schweinheim.de\/wp\/#\/schema\/logo\/image\/"},"sameAs":["https:\/\/www.facebook.com\/turnvereinschweinheim\/","https:\/\/www.instagram.com\/tv_schweinheim\/"]},{"@type":"Person","@id":"https:\/\/www.tv-schweinheim.de\/wp\/#\/schema\/person\/915ee9d7e551cd0d56482210d3559051","name":"TV Schweinheim","image":{"@type":"ImageObject","inLanguage":"de","@id":"https:\/\/secure.gravatar.com\/avatar\/cc8d8ce0419cb19a9ea8d6ac28532150268e2dcc375b4224f15f39b3b6ca3675?s=96&d=mm&r=g","url":"https:\/\/secure.gravatar.com\/avatar\/cc8d8ce0419cb19a9ea8d6ac28532150268e2dcc375b4224f15f39b3b6ca3675?s=96&d=mm&r=g","contentUrl":"https:\/\/secure.gravatar.com\/avatar\/cc8d8ce0419cb19a9ea8d6ac28532150268e2dcc375b4224f15f39b3b6ca3675?s=96&d=mm&r=g","caption":"TV Schweinheim"},"url":"https:\/\/www.tv-schweinheim.de\/wp\/author\/superuser\/"}]}},"_links":{"self":[{"href":"https:\/\/www.tv-schweinheim.de\/wp\/wp-json\/wp\/v2\/posts\/13946","targetHints":{"allow":["GET"]}}],"collection":[{"href":"https:\/\/www.tv-schweinheim.de\/wp\/wp-json\/wp\/v2\/posts"}],"about":[{"href":"https:\/\/www.tv-schweinheim.de\/wp\/wp-json\/wp\/v2\/types\/post"}],"author":[{"embeddable":true,"href":"https:\/\/www.tv-schweinheim.de\/wp\/wp-json\/wp\/v2\/users\/1"}],"replies":[{"embeddable":true,"href":"https:\/\/www.tv-schweinheim.de\/wp\/wp-json\/wp\/v2\/comments?post=13946"}],"version-history":[{"count":5,"href":"https:\/\/www.tv-schweinheim.de\/wp\/wp-json\/wp\/v2\/posts\/13946\/revisions"}],"predecessor-version":[{"id":13953,"href":"https:\/\/www.tv-schweinheim.de\/wp\/wp-json\/wp\/v2\/posts\/13946\/revisions\/13953"}],"wp:featuredmedia":[{"embeddable":true,"href":"https:\/\/www.tv-schweinheim.de\/wp\/wp-json\/wp\/v2\/media\/13948"}],"wp:attachment":[{"href":"https:\/\/www.tv-schweinheim.de\/wp\/wp-json\/wp\/v2\/media?parent=13946"}],"wp:term":[{"taxonomy":"category","embeddable":true,"href":"https:\/\/www.tv-schweinheim.de\/wp\/wp-json\/wp\/v2\/categories?post=13946"},{"taxonomy":"post_tag","embeddable":true,"href":"https:\/\/www.tv-schweinheim.de\/wp\/wp-json\/wp\/v2\/tags?post=13946"}],"curies":[{"name":"wp","href":"https:\/\/api.w.org\/{rel}","templated":true}]}}