{"id":15324,"date":"2025-09-15T16:33:22","date_gmt":"2025-09-15T14:33:22","guid":{"rendered":"https:\/\/www.tv-schweinheim.de\/wp\/?p=15324"},"modified":"2025-09-15T16:33:27","modified_gmt":"2025-09-15T14:33:27","slug":"triathlon-doppelschlag-schweinheimer-ausdauerteam-glaenzt-in-kitzingen-und-frankfurt","status":"publish","type":"post","link":"https:\/\/www.tv-schweinheim.de\/wp\/2025\/09\/15\/triathlon-doppelschlag-schweinheimer-ausdauerteam-glaenzt-in-kitzingen-und-frankfurt\/","title":{"rendered":"Triathlon-Doppelschlag  \u2013 Schweinheimer Ausdauerteam gl\u00e4nzt in Kitzingen und Frankfurt"},"content":{"rendered":"\t\t<div data-elementor-type=\"wp-post\" data-elementor-id=\"15324\" class=\"elementor elementor-15324\">\n\t\t\t\t\t\t<section class=\"elementor-section elementor-top-section elementor-element elementor-element-26f66b8 elementor-section-boxed elementor-section-height-default elementor-section-height-default\" data-id=\"26f66b8\" data-element_type=\"section\" data-e-type=\"section\">\n\t\t\t\t\t\t<div class=\"elementor-container elementor-column-gap-default\">\n\t\t\t\t\t<div class=\"elementor-column elementor-col-100 elementor-top-column elementor-element elementor-element-35f5212\" data-id=\"35f5212\" data-element_type=\"column\" data-e-type=\"column\">\n\t\t\t<div class=\"elementor-widget-wrap elementor-element-populated\">\n\t\t\t\t\t\t<div class=\"elementor-element elementor-element-3e32741 elementor-widget elementor-widget-text-editor\" data-id=\"3e32741\" data-element_type=\"widget\" data-e-type=\"widget\" data-widget_type=\"text-editor.default\">\n\t\t\t\t<div class=\"elementor-widget-container\">\n\t\t\t\t\t\t\t\t\t<p>Was f\u00fcr ein sportliches Wochenende! Gleich zwei gro\u00dfe Triathlon-Events standen f\u00fcr die Athletinnen und Athleten des TV Schweinheim auf dem Programm \u2013 und beide Male war der Teamgeist, die Begeisterung und die Leistung auf h\u00f6chstem Niveau.<\/p><p><b><span style=\"font-size: large;\">Samstag: Bayerische Meisterschaften in Kitzingen \u2013 Mainromantik trifft Rampenstich<\/span><\/b><\/p><p>Der Samstag f\u00fchrte unsere Triathlet:innen an den Main nach Kitzingen zur\u00a0<b>Bayerischen Meisterschaft auf der Kurzdistanz<\/b>. Dort wartete ein anspruchsvoller Kurs: geschwommen wurde im Main, das Radfahren fand im \u00f6ffentlichen Stra\u00dfenverkehr statt \u2013 inklusive einer knackigen Rampe \u2013 und der Lauf f\u00fchrte auf einer wundersch\u00f6nen Strecke entlang des alten Mains.<\/p><p>F\u00fcr den TVS gingen auf der Olympischen Distanz an den Start:<\/p><p>\u2022\u00a0 \u00a0\u00a0<b>Lina K\u00f6berlein<\/b>\u00a0(W45) erk\u00e4mpfte sich mit<b>\u00a02:42:10 Std<\/b>. einen starken 6. Platz in ihrer Altersklasse.<br \/>\u2022\u00a0 \u00a0\u00a0<b>Matthias K\u00f6berlein<\/b>\u00a0(M60) finishte in<b>\u00a02:48:42 Std.<\/b>\u00a0und wurde 15. in seiner AK.<br \/>\u2022\u00a0 \u00a0\u00a0<b>Moritz Michel<\/b>\u00a0(M30) bew\u00e4ltigte die Distanz in\u00a0<b>2:49:56 Std.<\/b>, AK-Platz 36.<\/p><p>Auf der Sprintdistanz \u00fcberzeugten:<\/p><p>\u2022\u00a0 \u00a0\u00a0<b>Johanna Michel\u00a0<\/b>(TW30) mit einer Spitzenzeit von\u00a0<b>1:33:16 Std<\/b>. (AK-Platz 4!).<br \/>\u2022\u00a0 \u00a0\u00a0<b>Paula Wagner<\/b>\u00a0(TW25), die in\u00a0<b>1:44:13 Std<\/b>. finishte und 19. in ihrer Altersklasse wurde.<br \/><br \/>Ein besonderes Highlight war auch unsere Staffel:<\/p><p>F\u00fcr den TV Schweinheim ging ein junges Team an den Start \u2013 und zeigte, wie viel Power im Teamgeist steckt.<br \/>\u2022\u00a0 \u00a0\u00a0<b>Linus Bunke\u00a0<\/b>schwamm in starken<b>\u00a000:20:36,<\/b><br \/>\u2022\u00a0 \u00a0\u00a0<b>Moritz Kruse\u00a0<\/b>absolvierte die Radstrecke in<b>\u00a001:24:50,<\/b><br \/>\u2022\u00a0 \u00a0\u00a0<b>Jonathan Busch\u00a0<\/b>brachte den Staffelstab mit einem flotten Lauf \u00fcber\u00a0<b>00:36:46<\/b>\u00a0ins Ziel.<br \/>Gesamtzeit: 2:22:12 Std., Platz 5 \u2013 stark gemacht, Jungs!<br \/><br \/>Auch abseits der Strecke war der TVS im Einsatz: Unsere Trainerin Marion R\u00fctten sorgte als Kampfrichterin f\u00fcr Regelklarheit auf der Radstrecke, w\u00e4hrend Christian Bergmann die Laufstrecke im Blick hatte \u2013 beide mit viel Engagement und \u00dcberblick.<\/p><p><b><span style=\"font-size: large;\">Sonntag: Frankfurt City Triathlon \u2013 neue Bestzeiten, ein Vereinsrekord und ganz viel Teamgeist<\/span><\/b><\/p><p>Am Sonntag ging es f\u00fcr unsere Athlet:innen beim Frankfurt City Triathlon weiter \u2013 einer der gr\u00f6\u00dften Stadttriathlons Deutschlands. Die Bedingungen waren herausfordernd: Regen hatte die Radstrecke teils rutschig gemacht, doch das tat der Stimmung und dem Schweinheimer Ehrgeiz keinen Abbruch.<\/p><p>Auf der Mitteldistanz sorgte\u00a0<b>Oliver Elbert\u00a0<\/b>f\u00fcr ein echtes Ausrufezeichen!! Trotz gerissenem Neoprenanzug legte er die schnellste Schwimmzeit des Teams hin und stellte\u00a0mit\u00a0<b>4:10:41 Std<\/b>.\u00a0einen neuen Vereinsrekord auf der\u00a0<b>Mitteldistanz\u00a0<\/b>auf. Die 4-Stunden-Marke ist f\u00fcr ihn in Reichweite \u2013 vielleicht schon 2026!<\/p><p>Ebenfalls mit pers\u00f6nlichen Bestzeiten und starkem Auftritt:<\/p><p>\u2022\u00a0 \u00a0\u00a0<b>Erik Herold\u00a0<\/b>(M50) in<b>\u00a04:18:41 Std.<\/b><br \/>\u2022\u00a0 \u00a0\u00a0<b>Christian Bergmann\u00a0<\/b>(M50) in\u00a0<b>4:42:06\u00a0<\/b>Std.<\/p><p>Was den Tag besonders machte: Wir haben uns gegenseitig motiviert, gepusht und auf der Laufstrecke geradezu zu Bestzeiten gejagt. Ein echtes Team, das sich feiert und unterst\u00fctzt \u2013 genau das macht unseren Verein aus.<\/p><p>Drei Rookies auf Olympischem Kurs \u2013 l\u00e4chelnd ins Ziel<\/p><p>Auf der Olympischen Distanz feierten Pia Ronge, Dorothee Kronewald und Daniela Stapp ihr Deb\u00fct. Die Radstrecke war sogar vier Kilometer l\u00e4nger als gew\u00f6hnlich \u2013 aber das konnte die drei nicht bremsen:<\/p><p>\u2022\u00a0 \u00a0\u00a0<b>Pia Ronge<\/b>: 2:54:19 Std.<br \/>\u2022\u00a0 \u00a0\u00a0<b>Dorothee Kronewald<\/b>: 2:58:47 Std.<br \/>\u2022\u00a0 \u00a0\u00a0<b>Daniela Stapp<\/b>: 3:03:51 Std.<\/p><p>Die drei wollten den Unterschied zwischen Sprint- und Olympischer Distanz selbst erleben \u2013 und zeigten dabei wahre Wettkampffreude. Beim Laufen trieben sie sich gegenseitig zu Bestleistungen an und \u00fcberquerten strahlend die Ziellinie. Bei Kilometer 7 noch ein breites Grinsen f\u00fcr die Fans am Streckenrand \u2013 das ist Triathlon, wie wir ihn lieben!<br \/><br \/>Fazit:<br \/>Ein Wochenende voller Leidenschaft, Teamgeist und sportlicher H\u00f6chstleistungen. Ob als Starter:in oder Kampfrichter:in \u2013 der TV Schweinheim war \u00fcberall pr\u00e4sent, wo Herz und Einsatz gefragt waren. Wir freuen uns schon auf die n\u00e4chsten Herausforderungen \u2013 mit einem L\u00e4cheln im Gesicht und einer Portion Schweinheimer Power im Tank!<\/p><p>Bericht: Ch.Bergmann<\/p>\t\t\t\t\t\t\t\t<\/div>\n\t\t\t\t<\/div>\n\t\t\t\t\t<\/div>\n\t\t<\/div>\n\t\t\t\t\t<\/div>\n\t\t<\/section>\n\t\t\t\t<section class=\"elementor-section elementor-top-section elementor-element elementor-element-4ae6421 elementor-section-boxed elementor-section-height-default elementor-section-height-default\" data-id=\"4ae6421\" data-element_type=\"section\" data-e-type=\"section\">\n\t\t\t\t\t\t<div class=\"elementor-container elementor-column-gap-default\">\n\t\t\t\t\t<div class=\"elementor-column elementor-col-100 elementor-top-column elementor-element elementor-element-6a36eeb\" data-id=\"6a36eeb\" data-element_type=\"column\" data-e-type=\"column\">\n\t\t\t<div class=\"elementor-widget-wrap elementor-element-populated\">\n\t\t\t\t\t\t<div class=\"elementor-element elementor-element-e056e82 elementor-widget elementor-widget-image\" data-id=\"e056e82\" data-element_type=\"widget\" data-e-type=\"widget\" data-widget_type=\"image.default\">\n\t\t\t\t<div class=\"elementor-widget-container\">\n\t\t\t\t\t\t\t\t\t\t\t\t\t\t\t<img fetchpriority=\"high\" decoding=\"async\" width=\"739\" height=\"1024\" src=\"https:\/\/www.tv-schweinheim.de\/wp\/wp-content\/uploads\/2025\/09\/frankfurt-739x1024.jpg\" class=\"attachment-large size-large wp-image-15329\" alt=\"\" srcset=\"https:\/\/www.tv-schweinheim.de\/wp\/wp-content\/uploads\/2025\/09\/frankfurt-739x1024.jpg 739w, https:\/\/www.tv-schweinheim.de\/wp\/wp-content\/uploads\/2025\/09\/frankfurt-217x300.jpg 217w, https:\/\/www.tv-schweinheim.de\/wp\/wp-content\/uploads\/2025\/09\/frankfurt-768x1064.jpg 768w, https:\/\/www.tv-schweinheim.de\/wp\/wp-content\/uploads\/2025\/09\/frankfurt-1109x1536.jpg 1109w, https:\/\/www.tv-schweinheim.de\/wp\/wp-content\/uploads\/2025\/09\/frankfurt-1479x2048.jpg 1479w, https:\/\/www.tv-schweinheim.de\/wp\/wp-content\/uploads\/2025\/09\/frankfurt-scaled.jpg 1849w\" sizes=\"(max-width: 739px) 100vw, 739px\" \/>\t\t\t\t\t\t\t\t\t\t\t\t\t\t\t<\/div>\n\t\t\t\t<\/div>\n\t\t\t\t\t<\/div>\n\t\t<\/div>\n\t\t\t\t\t<\/div>\n\t\t<\/section>\n\t\t\t\t<section class=\"elementor-section elementor-top-section elementor-element elementor-element-1146a7c elementor-section-boxed elementor-section-height-default elementor-section-height-default\" data-id=\"1146a7c\" data-element_type=\"section\" data-e-type=\"section\">\n\t\t\t\t\t\t<div class=\"elementor-container elementor-column-gap-default\">\n\t\t\t\t\t<div class=\"elementor-column elementor-col-100 elementor-top-column elementor-element elementor-element-ac7436e\" data-id=\"ac7436e\" data-element_type=\"column\" data-e-type=\"column\">\n\t\t\t<div class=\"elementor-widget-wrap elementor-element-populated\">\n\t\t\t\t\t\t<div class=\"elementor-element elementor-element-249016f elementor-widget elementor-widget-image\" data-id=\"249016f\" data-element_type=\"widget\" data-e-type=\"widget\" data-widget_type=\"image.default\">\n\t\t\t\t<div class=\"elementor-widget-container\">\n\t\t\t\t\t\t\t\t\t\t\t\t\t\t\t<img decoding=\"async\" width=\"741\" height=\"1024\" src=\"https:\/\/www.tv-schweinheim.de\/wp\/wp-content\/uploads\/2025\/09\/frankfurt-3-741x1024.jpg\" class=\"attachment-large size-large wp-image-15333\" alt=\"\" srcset=\"https:\/\/www.tv-schweinheim.de\/wp\/wp-content\/uploads\/2025\/09\/frankfurt-3-741x1024.jpg 741w, https:\/\/www.tv-schweinheim.de\/wp\/wp-content\/uploads\/2025\/09\/frankfurt-3-217x300.jpg 217w, https:\/\/www.tv-schweinheim.de\/wp\/wp-content\/uploads\/2025\/09\/frankfurt-3-768x1061.jpg 768w, https:\/\/www.tv-schweinheim.de\/wp\/wp-content\/uploads\/2025\/09\/frankfurt-3-1112x1536.jpg 1112w, https:\/\/www.tv-schweinheim.de\/wp\/wp-content\/uploads\/2025\/09\/frankfurt-3-1483x2048.jpg 1483w, https:\/\/www.tv-schweinheim.de\/wp\/wp-content\/uploads\/2025\/09\/frankfurt-3-scaled.jpg 1854w\" sizes=\"(max-width: 741px) 100vw, 741px\" \/>\t\t\t\t\t\t\t\t\t\t\t\t\t\t\t<\/div>\n\t\t\t\t<\/div>\n\t\t\t\t\t<\/div>\n\t\t<\/div>\n\t\t\t\t\t<\/div>\n\t\t<\/section>\n\t\t\t\t<section class=\"elementor-section elementor-top-section elementor-element elementor-element-86af60e elementor-section-boxed elementor-section-height-default elementor-section-height-default\" data-id=\"86af60e\" data-element_type=\"section\" data-e-type=\"section\">\n\t\t\t\t\t\t<div class=\"elementor-container elementor-column-gap-default\">\n\t\t\t\t\t<div class=\"elementor-column elementor-col-100 elementor-top-column elementor-element elementor-element-8b749cb\" data-id=\"8b749cb\" data-element_type=\"column\" data-e-type=\"column\">\n\t\t\t<div class=\"elementor-widget-wrap elementor-element-populated\">\n\t\t\t\t\t\t<div class=\"elementor-element elementor-element-55ab762 elementor-widget elementor-widget-image\" data-id=\"55ab762\" data-element_type=\"widget\" data-e-type=\"widget\" data-widget_type=\"image.default\">\n\t\t\t\t<div class=\"elementor-widget-container\">\n\t\t\t\t\t\t\t\t\t\t\t\t\t\t\t<img decoding=\"async\" width=\"741\" height=\"1024\" src=\"https:\/\/www.tv-schweinheim.de\/wp\/wp-content\/uploads\/2025\/09\/frankfurt1-741x1024.jpg\" class=\"attachment-large size-large wp-image-15327\" alt=\"\" srcset=\"https:\/\/www.tv-schweinheim.de\/wp\/wp-content\/uploads\/2025\/09\/frankfurt1-741x1024.jpg 741w, https:\/\/www.tv-schweinheim.de\/wp\/wp-content\/uploads\/2025\/09\/frankfurt1-217x300.jpg 217w, https:\/\/www.tv-schweinheim.de\/wp\/wp-content\/uploads\/2025\/09\/frankfurt1-768x1061.jpg 768w, https:\/\/www.tv-schweinheim.de\/wp\/wp-content\/uploads\/2025\/09\/frankfurt1-1112x1536.jpg 1112w, https:\/\/www.tv-schweinheim.de\/wp\/wp-content\/uploads\/2025\/09\/frankfurt1-1483x2048.jpg 1483w, https:\/\/www.tv-schweinheim.de\/wp\/wp-content\/uploads\/2025\/09\/frankfurt1-scaled.jpg 1854w\" sizes=\"(max-width: 741px) 100vw, 741px\" \/>\t\t\t\t\t\t\t\t\t\t\t\t\t\t\t<\/div>\n\t\t\t\t<\/div>\n\t\t\t\t\t<\/div>\n\t\t<\/div>\n\t\t\t\t\t<\/div>\n\t\t<\/section>\n\t\t\t\t<\/div>\n\t\t","protected":false},"excerpt":{"rendered":"<p>Was f\u00fcr ein sportliches Wochenende! Gleich zwei gro\u00dfe Triathlon-Events standen f\u00fcr die Athletinnen und Athleten des TV Schweinheim auf dem Programm \u2013 und beide Male war der Teamgeist, die Begeisterung und die Leistung auf h\u00f6chstem Niveau. Samstag: Bayerische Meisterschaften in Kitzingen \u2013 Mainromantik trifft Rampenstich Der Samstag f\u00fchrte unsere Triathlet:innen an den Main nach Kitzingen&hellip;&nbsp;<a href=\"https:\/\/www.tv-schweinheim.de\/wp\/2025\/09\/15\/triathlon-doppelschlag-schweinheimer-ausdauerteam-glaenzt-in-kitzingen-und-frankfurt\/\" rel=\"bookmark\">Mehr lesen &raquo;<span class=\"screen-reader-text\">Triathlon-Doppelschlag  \u2013 Schweinheimer Ausdauerteam gl\u00e4nzt in Kitzingen und Frankfurt<\/span><\/a><\/p>\n","protected":false},"author":1,"featured_media":15326,"comment_status":"closed","ping_status":"open","sticky":false,"template":"","format":"standard","meta":{"_acf_changed":false,"neve_meta_sidebar":"","neve_meta_container":"","neve_meta_enable_content_width":"","neve_meta_content_width":0,"neve_meta_title_alignment":"","neve_meta_author_avatar":"","neve_post_elements_order":"","neve_meta_disable_header":"","neve_meta_disable_footer":"","neve_meta_disable_title":"","neve_meta_reading_time":"","footnotes":""},"categories":[114,1],"tags":[],"class_list":["post-15324","post","type-post","status-publish","format-standard","has-post-thumbnail","hentry","category-ausdauersport","category-vereinsnachrichten"],"acf":[],"yoast_head":"<!-- This site is optimized with the Yoast SEO plugin v27.4 - https:\/\/yoast.com\/product\/yoast-seo-wordpress\/ -->\n<title>Triathlon-Doppelschlag \u2013 Schweinheimer Ausdauerteam gl\u00e4nzt in Kitzingen und Frankfurt - Turnverein Schweinheim<\/title>\n<meta name=\"robots\" content=\"index, follow, max-snippet:-1, max-image-preview:large, max-video-preview:-1\" \/>\n<link rel=\"canonical\" href=\"https:\/\/www.tv-schweinheim.de\/wp\/2025\/09\/15\/triathlon-doppelschlag-schweinheimer-ausdauerteam-glaenzt-in-kitzingen-und-frankfurt\/\" \/>\n<meta property=\"og:locale\" content=\"de_DE\" \/>\n<meta property=\"og:type\" content=\"article\" \/>\n<meta property=\"og:title\" content=\"Triathlon-Doppelschlag \u2013 Schweinheimer Ausdauerteam gl\u00e4nzt in Kitzingen und Frankfurt - Turnverein Schweinheim\" \/>\n<meta property=\"og:description\" content=\"Was f\u00fcr ein sportliches Wochenende! Gleich zwei gro\u00dfe Triathlon-Events standen f\u00fcr die Athletinnen und Athleten des TV Schweinheim auf dem Programm \u2013 und beide Male war der Teamgeist, die Begeisterung und die Leistung auf h\u00f6chstem Niveau. Samstag: Bayerische Meisterschaften in Kitzingen \u2013 Mainromantik trifft Rampenstich Der Samstag f\u00fchrte unsere Triathlet:innen an den Main nach Kitzingen&hellip;&nbsp;Mehr lesen &raquo;Triathlon-Doppelschlag \u2013 Schweinheimer Ausdauerteam gl\u00e4nzt in Kitzingen und Frankfurt\" \/>\n<meta property=\"og:url\" content=\"https:\/\/www.tv-schweinheim.de\/wp\/2025\/09\/15\/triathlon-doppelschlag-schweinheimer-ausdauerteam-glaenzt-in-kitzingen-und-frankfurt\/\" \/>\n<meta property=\"og:site_name\" content=\"Turnverein Schweinheim\" \/>\n<meta property=\"article:publisher\" content=\"https:\/\/www.facebook.com\/turnvereinschweinheim\/\" \/>\n<meta property=\"article:published_time\" content=\"2025-09-15T14:33:22+00:00\" \/>\n<meta property=\"article:modified_time\" content=\"2025-09-15T14:33:27+00:00\" \/>\n<meta property=\"og:image\" content=\"https:\/\/www.tv-schweinheim.de\/wp\/wp-content\/uploads\/2025\/09\/kitzingen.jpg\" \/>\n\t<meta property=\"og:image:width\" content=\"2000\" \/>\n\t<meta property=\"og:image:height\" content=\"1500\" \/>\n\t<meta property=\"og:image:type\" content=\"image\/jpeg\" \/>\n<meta name=\"author\" content=\"TV Schweinheim\" \/>\n<meta name=\"twitter:card\" content=\"summary_large_image\" \/>\n<meta name=\"twitter:label1\" content=\"Verfasst von\" \/>\n\t<meta name=\"twitter:data1\" content=\"TV Schweinheim\" \/>\n\t<meta name=\"twitter:label2\" content=\"Gesch\u00e4tzte Lesezeit\" \/>\n\t<meta name=\"twitter:data2\" content=\"4\u00a0Minuten\" \/>\n<script type=\"application\/ld+json\" class=\"yoast-schema-graph\">{\"@context\":\"https:\\\/\\\/schema.org\",\"@graph\":[{\"@type\":\"Article\",\"@id\":\"https:\\\/\\\/www.tv-schweinheim.de\\\/wp\\\/2025\\\/09\\\/15\\\/triathlon-doppelschlag-schweinheimer-ausdauerteam-glaenzt-in-kitzingen-und-frankfurt\\\/#article\",\"isPartOf\":{\"@id\":\"https:\\\/\\\/www.tv-schweinheim.de\\\/wp\\\/2025\\\/09\\\/15\\\/triathlon-doppelschlag-schweinheimer-ausdauerteam-glaenzt-in-kitzingen-und-frankfurt\\\/\"},\"author\":{\"name\":\"TV Schweinheim\",\"@id\":\"https:\\\/\\\/www.tv-schweinheim.de\\\/wp\\\/#\\\/schema\\\/person\\\/915ee9d7e551cd0d56482210d3559051\"},\"headline\":\"Triathlon-Doppelschlag \u2013 Schweinheimer Ausdauerteam gl\u00e4nzt in Kitzingen und Frankfurt\",\"datePublished\":\"2025-09-15T14:33:22+00:00\",\"dateModified\":\"2025-09-15T14:33:27+00:00\",\"mainEntityOfPage\":{\"@id\":\"https:\\\/\\\/www.tv-schweinheim.de\\\/wp\\\/2025\\\/09\\\/15\\\/triathlon-doppelschlag-schweinheimer-ausdauerteam-glaenzt-in-kitzingen-und-frankfurt\\\/\"},\"wordCount\":582,\"publisher\":{\"@id\":\"https:\\\/\\\/www.tv-schweinheim.de\\\/wp\\\/#organization\"},\"image\":{\"@id\":\"https:\\\/\\\/www.tv-schweinheim.de\\\/wp\\\/2025\\\/09\\\/15\\\/triathlon-doppelschlag-schweinheimer-ausdauerteam-glaenzt-in-kitzingen-und-frankfurt\\\/#primaryimage\"},\"thumbnailUrl\":\"https:\\\/\\\/www.tv-schweinheim.de\\\/wp\\\/wp-content\\\/uploads\\\/2025\\\/09\\\/kitzingen.jpg\",\"articleSection\":[\"Ausdauersport\",\"Vereinsnachrichten\"],\"inLanguage\":\"de\"},{\"@type\":\"WebPage\",\"@id\":\"https:\\\/\\\/www.tv-schweinheim.de\\\/wp\\\/2025\\\/09\\\/15\\\/triathlon-doppelschlag-schweinheimer-ausdauerteam-glaenzt-in-kitzingen-und-frankfurt\\\/\",\"url\":\"https:\\\/\\\/www.tv-schweinheim.de\\\/wp\\\/2025\\\/09\\\/15\\\/triathlon-doppelschlag-schweinheimer-ausdauerteam-glaenzt-in-kitzingen-und-frankfurt\\\/\",\"name\":\"Triathlon-Doppelschlag \u2013 Schweinheimer Ausdauerteam gl\u00e4nzt in Kitzingen und Frankfurt - Turnverein Schweinheim\",\"isPartOf\":{\"@id\":\"https:\\\/\\\/www.tv-schweinheim.de\\\/wp\\\/#website\"},\"primaryImageOfPage\":{\"@id\":\"https:\\\/\\\/www.tv-schweinheim.de\\\/wp\\\/2025\\\/09\\\/15\\\/triathlon-doppelschlag-schweinheimer-ausdauerteam-glaenzt-in-kitzingen-und-frankfurt\\\/#primaryimage\"},\"image\":{\"@id\":\"https:\\\/\\\/www.tv-schweinheim.de\\\/wp\\\/2025\\\/09\\\/15\\\/triathlon-doppelschlag-schweinheimer-ausdauerteam-glaenzt-in-kitzingen-und-frankfurt\\\/#primaryimage\"},\"thumbnailUrl\":\"https:\\\/\\\/www.tv-schweinheim.de\\\/wp\\\/wp-content\\\/uploads\\\/2025\\\/09\\\/kitzingen.jpg\",\"datePublished\":\"2025-09-15T14:33:22+00:00\",\"dateModified\":\"2025-09-15T14:33:27+00:00\",\"breadcrumb\":{\"@id\":\"https:\\\/\\\/www.tv-schweinheim.de\\\/wp\\\/2025\\\/09\\\/15\\\/triathlon-doppelschlag-schweinheimer-ausdauerteam-glaenzt-in-kitzingen-und-frankfurt\\\/#breadcrumb\"},\"inLanguage\":\"de\",\"potentialAction\":[{\"@type\":\"ReadAction\",\"target\":[\"https:\\\/\\\/www.tv-schweinheim.de\\\/wp\\\/2025\\\/09\\\/15\\\/triathlon-doppelschlag-schweinheimer-ausdauerteam-glaenzt-in-kitzingen-und-frankfurt\\\/\"]}]},{\"@type\":\"ImageObject\",\"inLanguage\":\"de\",\"@id\":\"https:\\\/\\\/www.tv-schweinheim.de\\\/wp\\\/2025\\\/09\\\/15\\\/triathlon-doppelschlag-schweinheimer-ausdauerteam-glaenzt-in-kitzingen-und-frankfurt\\\/#primaryimage\",\"url\":\"https:\\\/\\\/www.tv-schweinheim.de\\\/wp\\\/wp-content\\\/uploads\\\/2025\\\/09\\\/kitzingen.jpg\",\"contentUrl\":\"https:\\\/\\\/www.tv-schweinheim.de\\\/wp\\\/wp-content\\\/uploads\\\/2025\\\/09\\\/kitzingen.jpg\",\"width\":2000,\"height\":1500},{\"@type\":\"BreadcrumbList\",\"@id\":\"https:\\\/\\\/www.tv-schweinheim.de\\\/wp\\\/2025\\\/09\\\/15\\\/triathlon-doppelschlag-schweinheimer-ausdauerteam-glaenzt-in-kitzingen-und-frankfurt\\\/#breadcrumb\",\"itemListElement\":[{\"@type\":\"ListItem\",\"position\":1,\"name\":\"Startseite\",\"item\":\"https:\\\/\\\/www.tv-schweinheim.de\\\/wp\\\/\"},{\"@type\":\"ListItem\",\"position\":2,\"name\":\"Triathlon-Doppelschlag \u2013 Schweinheimer Ausdauerteam gl\u00e4nzt in Kitzingen und Frankfurt\"}]},{\"@type\":\"WebSite\",\"@id\":\"https:\\\/\\\/www.tv-schweinheim.de\\\/wp\\\/#website\",\"url\":\"https:\\\/\\\/www.tv-schweinheim.de\\\/wp\\\/\",\"name\":\"Turnverein Schweinheim\",\"description\":\"1885 e.V.\",\"publisher\":{\"@id\":\"https:\\\/\\\/www.tv-schweinheim.de\\\/wp\\\/#organization\"},\"potentialAction\":[{\"@type\":\"SearchAction\",\"target\":{\"@type\":\"EntryPoint\",\"urlTemplate\":\"https:\\\/\\\/www.tv-schweinheim.de\\\/wp\\\/?s={search_term_string}\"},\"query-input\":{\"@type\":\"PropertyValueSpecification\",\"valueRequired\":true,\"valueName\":\"search_term_string\"}}],\"inLanguage\":\"de\"},{\"@type\":\"Organization\",\"@id\":\"https:\\\/\\\/www.tv-schweinheim.de\\\/wp\\\/#organization\",\"name\":\"TV Schweinheim\",\"url\":\"https:\\\/\\\/www.tv-schweinheim.de\\\/wp\\\/\",\"logo\":{\"@type\":\"ImageObject\",\"inLanguage\":\"de\",\"@id\":\"https:\\\/\\\/www.tv-schweinheim.de\\\/wp\\\/#\\\/schema\\\/logo\\\/image\\\/\",\"url\":\"https:\\\/\\\/www.tv-schweinheim.de\\\/wp\\\/wp-content\\\/uploads\\\/2020\\\/06\\\/logo.png\",\"contentUrl\":\"https:\\\/\\\/www.tv-schweinheim.de\\\/wp\\\/wp-content\\\/uploads\\\/2020\\\/06\\\/logo.png\",\"width\":152,\"height\":146,\"caption\":\"TV Schweinheim\"},\"image\":{\"@id\":\"https:\\\/\\\/www.tv-schweinheim.de\\\/wp\\\/#\\\/schema\\\/logo\\\/image\\\/\"},\"sameAs\":[\"https:\\\/\\\/www.facebook.com\\\/turnvereinschweinheim\\\/\",\"https:\\\/\\\/www.instagram.com\\\/tv_schweinheim\\\/\"]},{\"@type\":\"Person\",\"@id\":\"https:\\\/\\\/www.tv-schweinheim.de\\\/wp\\\/#\\\/schema\\\/person\\\/915ee9d7e551cd0d56482210d3559051\",\"name\":\"TV Schweinheim\",\"image\":{\"@type\":\"ImageObject\",\"inLanguage\":\"de\",\"@id\":\"https:\\\/\\\/secure.gravatar.com\\\/avatar\\\/cc8d8ce0419cb19a9ea8d6ac28532150268e2dcc375b4224f15f39b3b6ca3675?s=96&d=mm&r=g\",\"url\":\"https:\\\/\\\/secure.gravatar.com\\\/avatar\\\/cc8d8ce0419cb19a9ea8d6ac28532150268e2dcc375b4224f15f39b3b6ca3675?s=96&d=mm&r=g\",\"contentUrl\":\"https:\\\/\\\/secure.gravatar.com\\\/avatar\\\/cc8d8ce0419cb19a9ea8d6ac28532150268e2dcc375b4224f15f39b3b6ca3675?s=96&d=mm&r=g\",\"caption\":\"TV Schweinheim\"},\"url\":\"https:\\\/\\\/www.tv-schweinheim.de\\\/wp\\\/author\\\/superuser\\\/\"}]}<\/script>\n<!-- \/ Yoast SEO plugin. -->","yoast_head_json":{"title":"Triathlon-Doppelschlag \u2013 Schweinheimer Ausdauerteam gl\u00e4nzt in Kitzingen und Frankfurt - Turnverein Schweinheim","robots":{"index":"index","follow":"follow","max-snippet":"max-snippet:-1","max-image-preview":"max-image-preview:large","max-video-preview":"max-video-preview:-1"},"canonical":"https:\/\/www.tv-schweinheim.de\/wp\/2025\/09\/15\/triathlon-doppelschlag-schweinheimer-ausdauerteam-glaenzt-in-kitzingen-und-frankfurt\/","og_locale":"de_DE","og_type":"article","og_title":"Triathlon-Doppelschlag \u2013 Schweinheimer Ausdauerteam gl\u00e4nzt in Kitzingen und Frankfurt - Turnverein Schweinheim","og_description":"Was f\u00fcr ein sportliches Wochenende! Gleich zwei gro\u00dfe Triathlon-Events standen f\u00fcr die Athletinnen und Athleten des TV Schweinheim auf dem Programm \u2013 und beide Male war der Teamgeist, die Begeisterung und die Leistung auf h\u00f6chstem Niveau. Samstag: Bayerische Meisterschaften in Kitzingen \u2013 Mainromantik trifft Rampenstich Der Samstag f\u00fchrte unsere Triathlet:innen an den Main nach Kitzingen&hellip;&nbsp;Mehr lesen &raquo;Triathlon-Doppelschlag \u2013 Schweinheimer Ausdauerteam gl\u00e4nzt in Kitzingen und Frankfurt","og_url":"https:\/\/www.tv-schweinheim.de\/wp\/2025\/09\/15\/triathlon-doppelschlag-schweinheimer-ausdauerteam-glaenzt-in-kitzingen-und-frankfurt\/","og_site_name":"Turnverein Schweinheim","article_publisher":"https:\/\/www.facebook.com\/turnvereinschweinheim\/","article_published_time":"2025-09-15T14:33:22+00:00","article_modified_time":"2025-09-15T14:33:27+00:00","og_image":[{"width":2000,"height":1500,"url":"https:\/\/www.tv-schweinheim.de\/wp\/wp-content\/uploads\/2025\/09\/kitzingen.jpg","type":"image\/jpeg"}],"author":"TV Schweinheim","twitter_card":"summary_large_image","twitter_misc":{"Verfasst von":"TV Schweinheim","Gesch\u00e4tzte Lesezeit":"4\u00a0Minuten"},"schema":{"@context":"https:\/\/schema.org","@graph":[{"@type":"Article","@id":"https:\/\/www.tv-schweinheim.de\/wp\/2025\/09\/15\/triathlon-doppelschlag-schweinheimer-ausdauerteam-glaenzt-in-kitzingen-und-frankfurt\/#article","isPartOf":{"@id":"https:\/\/www.tv-schweinheim.de\/wp\/2025\/09\/15\/triathlon-doppelschlag-schweinheimer-ausdauerteam-glaenzt-in-kitzingen-und-frankfurt\/"},"author":{"name":"TV Schweinheim","@id":"https:\/\/www.tv-schweinheim.de\/wp\/#\/schema\/person\/915ee9d7e551cd0d56482210d3559051"},"headline":"Triathlon-Doppelschlag \u2013 Schweinheimer Ausdauerteam gl\u00e4nzt in Kitzingen und Frankfurt","datePublished":"2025-09-15T14:33:22+00:00","dateModified":"2025-09-15T14:33:27+00:00","mainEntityOfPage":{"@id":"https:\/\/www.tv-schweinheim.de\/wp\/2025\/09\/15\/triathlon-doppelschlag-schweinheimer-ausdauerteam-glaenzt-in-kitzingen-und-frankfurt\/"},"wordCount":582,"publisher":{"@id":"https:\/\/www.tv-schweinheim.de\/wp\/#organization"},"image":{"@id":"https:\/\/www.tv-schweinheim.de\/wp\/2025\/09\/15\/triathlon-doppelschlag-schweinheimer-ausdauerteam-glaenzt-in-kitzingen-und-frankfurt\/#primaryimage"},"thumbnailUrl":"https:\/\/www.tv-schweinheim.de\/wp\/wp-content\/uploads\/2025\/09\/kitzingen.jpg","articleSection":["Ausdauersport","Vereinsnachrichten"],"inLanguage":"de"},{"@type":"WebPage","@id":"https:\/\/www.tv-schweinheim.de\/wp\/2025\/09\/15\/triathlon-doppelschlag-schweinheimer-ausdauerteam-glaenzt-in-kitzingen-und-frankfurt\/","url":"https:\/\/www.tv-schweinheim.de\/wp\/2025\/09\/15\/triathlon-doppelschlag-schweinheimer-ausdauerteam-glaenzt-in-kitzingen-und-frankfurt\/","name":"Triathlon-Doppelschlag \u2013 Schweinheimer Ausdauerteam gl\u00e4nzt in Kitzingen und Frankfurt - Turnverein Schweinheim","isPartOf":{"@id":"https:\/\/www.tv-schweinheim.de\/wp\/#website"},"primaryImageOfPage":{"@id":"https:\/\/www.tv-schweinheim.de\/wp\/2025\/09\/15\/triathlon-doppelschlag-schweinheimer-ausdauerteam-glaenzt-in-kitzingen-und-frankfurt\/#primaryimage"},"image":{"@id":"https:\/\/www.tv-schweinheim.de\/wp\/2025\/09\/15\/triathlon-doppelschlag-schweinheimer-ausdauerteam-glaenzt-in-kitzingen-und-frankfurt\/#primaryimage"},"thumbnailUrl":"https:\/\/www.tv-schweinheim.de\/wp\/wp-content\/uploads\/2025\/09\/kitzingen.jpg","datePublished":"2025-09-15T14:33:22+00:00","dateModified":"2025-09-15T14:33:27+00:00","breadcrumb":{"@id":"https:\/\/www.tv-schweinheim.de\/wp\/2025\/09\/15\/triathlon-doppelschlag-schweinheimer-ausdauerteam-glaenzt-in-kitzingen-und-frankfurt\/#breadcrumb"},"inLanguage":"de","potentialAction":[{"@type":"ReadAction","target":["https:\/\/www.tv-schweinheim.de\/wp\/2025\/09\/15\/triathlon-doppelschlag-schweinheimer-ausdauerteam-glaenzt-in-kitzingen-und-frankfurt\/"]}]},{"@type":"ImageObject","inLanguage":"de","@id":"https:\/\/www.tv-schweinheim.de\/wp\/2025\/09\/15\/triathlon-doppelschlag-schweinheimer-ausdauerteam-glaenzt-in-kitzingen-und-frankfurt\/#primaryimage","url":"https:\/\/www.tv-schweinheim.de\/wp\/wp-content\/uploads\/2025\/09\/kitzingen.jpg","contentUrl":"https:\/\/www.tv-schweinheim.de\/wp\/wp-content\/uploads\/2025\/09\/kitzingen.jpg","width":2000,"height":1500},{"@type":"BreadcrumbList","@id":"https:\/\/www.tv-schweinheim.de\/wp\/2025\/09\/15\/triathlon-doppelschlag-schweinheimer-ausdauerteam-glaenzt-in-kitzingen-und-frankfurt\/#breadcrumb","itemListElement":[{"@type":"ListItem","position":1,"name":"Startseite","item":"https:\/\/www.tv-schweinheim.de\/wp\/"},{"@type":"ListItem","position":2,"name":"Triathlon-Doppelschlag \u2013 Schweinheimer Ausdauerteam gl\u00e4nzt in Kitzingen und Frankfurt"}]},{"@type":"WebSite","@id":"https:\/\/www.tv-schweinheim.de\/wp\/#website","url":"https:\/\/www.tv-schweinheim.de\/wp\/","name":"Turnverein Schweinheim","description":"1885 e.V.","publisher":{"@id":"https:\/\/www.tv-schweinheim.de\/wp\/#organization"},"potentialAction":[{"@type":"SearchAction","target":{"@type":"EntryPoint","urlTemplate":"https:\/\/www.tv-schweinheim.de\/wp\/?s={search_term_string}"},"query-input":{"@type":"PropertyValueSpecification","valueRequired":true,"valueName":"search_term_string"}}],"inLanguage":"de"},{"@type":"Organization","@id":"https:\/\/www.tv-schweinheim.de\/wp\/#organization","name":"TV Schweinheim","url":"https:\/\/www.tv-schweinheim.de\/wp\/","logo":{"@type":"ImageObject","inLanguage":"de","@id":"https:\/\/www.tv-schweinheim.de\/wp\/#\/schema\/logo\/image\/","url":"https:\/\/www.tv-schweinheim.de\/wp\/wp-content\/uploads\/2020\/06\/logo.png","contentUrl":"https:\/\/www.tv-schweinheim.de\/wp\/wp-content\/uploads\/2020\/06\/logo.png","width":152,"height":146,"caption":"TV Schweinheim"},"image":{"@id":"https:\/\/www.tv-schweinheim.de\/wp\/#\/schema\/logo\/image\/"},"sameAs":["https:\/\/www.facebook.com\/turnvereinschweinheim\/","https:\/\/www.instagram.com\/tv_schweinheim\/"]},{"@type":"Person","@id":"https:\/\/www.tv-schweinheim.de\/wp\/#\/schema\/person\/915ee9d7e551cd0d56482210d3559051","name":"TV Schweinheim","image":{"@type":"ImageObject","inLanguage":"de","@id":"https:\/\/secure.gravatar.com\/avatar\/cc8d8ce0419cb19a9ea8d6ac28532150268e2dcc375b4224f15f39b3b6ca3675?s=96&d=mm&r=g","url":"https:\/\/secure.gravatar.com\/avatar\/cc8d8ce0419cb19a9ea8d6ac28532150268e2dcc375b4224f15f39b3b6ca3675?s=96&d=mm&r=g","contentUrl":"https:\/\/secure.gravatar.com\/avatar\/cc8d8ce0419cb19a9ea8d6ac28532150268e2dcc375b4224f15f39b3b6ca3675?s=96&d=mm&r=g","caption":"TV Schweinheim"},"url":"https:\/\/www.tv-schweinheim.de\/wp\/author\/superuser\/"}]}},"_links":{"self":[{"href":"https:\/\/www.tv-schweinheim.de\/wp\/wp-json\/wp\/v2\/posts\/15324","targetHints":{"allow":["GET"]}}],"collection":[{"href":"https:\/\/www.tv-schweinheim.de\/wp\/wp-json\/wp\/v2\/posts"}],"about":[{"href":"https:\/\/www.tv-schweinheim.de\/wp\/wp-json\/wp\/v2\/types\/post"}],"author":[{"embeddable":true,"href":"https:\/\/www.tv-schweinheim.de\/wp\/wp-json\/wp\/v2\/users\/1"}],"replies":[{"embeddable":true,"href":"https:\/\/www.tv-schweinheim.de\/wp\/wp-json\/wp\/v2\/comments?post=15324"}],"version-history":[{"count":7,"href":"https:\/\/www.tv-schweinheim.de\/wp\/wp-json\/wp\/v2\/posts\/15324\/revisions"}],"predecessor-version":[{"id":15336,"href":"https:\/\/www.tv-schweinheim.de\/wp\/wp-json\/wp\/v2\/posts\/15324\/revisions\/15336"}],"wp:featuredmedia":[{"embeddable":true,"href":"https:\/\/www.tv-schweinheim.de\/wp\/wp-json\/wp\/v2\/media\/15326"}],"wp:attachment":[{"href":"https:\/\/www.tv-schweinheim.de\/wp\/wp-json\/wp\/v2\/media?parent=15324"}],"wp:term":[{"taxonomy":"category","embeddable":true,"href":"https:\/\/www.tv-schweinheim.de\/wp\/wp-json\/wp\/v2\/categories?post=15324"},{"taxonomy":"post_tag","embeddable":true,"href":"https:\/\/www.tv-schweinheim.de\/wp\/wp-json\/wp\/v2\/tags?post=15324"}],"curies":[{"name":"wp","href":"https:\/\/api.w.org\/{rel}","templated":true}]}}