{"id":15706,"date":"2025-11-02T18:41:09","date_gmt":"2025-11-02T16:41:09","guid":{"rendered":"https:\/\/www.tv-schweinheim.de\/wp\/?p=15706"},"modified":"2025-11-02T18:46:01","modified_gmt":"2025-11-02T16:46:01","slug":"spannrit-volks-und-strassenlauf-der-tsg-kleinostheim","status":"publish","type":"post","link":"https:\/\/www.tv-schweinheim.de\/wp\/2025\/11\/02\/spannrit-volks-und-strassenlauf-der-tsg-kleinostheim\/","title":{"rendered":"Spannrit Volks- und Stra\u00dfenlauf der TSG Kleinostheim"},"content":{"rendered":"\t\t<div data-elementor-type=\"wp-post\" data-elementor-id=\"15706\" class=\"elementor elementor-15706\">\n\t\t\t\t\t\t<section class=\"elementor-section elementor-top-section elementor-element elementor-element-59af9b9 elementor-section-boxed elementor-section-height-default elementor-section-height-default\" data-id=\"59af9b9\" data-element_type=\"section\" data-e-type=\"section\">\n\t\t\t\t\t\t<div class=\"elementor-container elementor-column-gap-default\">\n\t\t\t\t\t<div class=\"elementor-column elementor-col-100 elementor-top-column elementor-element elementor-element-1ffddb7\" data-id=\"1ffddb7\" data-element_type=\"column\" data-e-type=\"column\">\n\t\t\t<div class=\"elementor-widget-wrap elementor-element-populated\">\n\t\t\t\t\t\t<div class=\"elementor-element elementor-element-61f5d97 elementor-widget elementor-widget-text-editor\" data-id=\"61f5d97\" data-element_type=\"widget\" data-e-type=\"widget\" data-widget_type=\"text-editor.default\">\n\t\t\t\t<div class=\"elementor-widget-container\">\n\t\t\t\t\t\t\t\t\t<p>Mit insgesamt 17 Kindern, Jugendlichen und Erwachsenen nahmen Athletinnen und Athleten am Sonntag, den 19.10.2025 beim 14. Spannrit Volks- und Stra\u00dfenlauf in Kleinostheim teil.<br \/>Auf den flachen, schnellen Strecken konnten neue pers\u00f6nliche Bestleistungen erreicht und auch etliche Treppchenpl\u00e4tze errungen werden. Nach der Siegerehrung kehrten die Sportlerinnen und Sportler mit Urkunden, Medaillen und Getr\u00e4nkepr\u00e4senten heim.<br \/>Die Ergebnisse bei den einzelnen L\u00e4ufen:<\/p><p><span style=\"text-decoration: underline;\"><strong>Bambinilauf:<\/strong><\/span><br \/><strong>MKU08<\/strong><br \/>9. Jona Veith 3:34,7 min<\/p><p><strong><span style=\"text-decoration: underline;\">Sch\u00fclerinnen-und Jugendlauf:<\/span><\/strong><br \/><strong>WKU10<\/strong><br \/>9. Johanna Els\u00e4sser 7:55,4 min<br \/><strong>WKU12<\/strong><br \/>10. Martha Veith 7:36,3 min<br \/><strong>WKU14<\/strong><br \/>7. Madita Veith 7:14,7 min<br \/><strong>WJU16<\/strong><br \/>3. Hannah Veith 6:41,4 min<\/p><p><span style=\"text-decoration: underline;\"><strong>Sch\u00fcler- und Jugendlauf:<\/strong><\/span><br \/><strong>MKU12<\/strong><br \/>3. Mats Czirnich 5:52,8 min<br \/>12. Jannis Jakob 6:35,3 min<br \/><strong>MJU14<\/strong><br \/>7. Tom Hartmann 6:19,0 min<br \/>9. Anton Els\u00e4sser 6:39,4 min<br \/><strong>MJU16<\/strong><br \/>1. Henrik Jakob 4:46,8 min<\/p><p><span style=\"text-decoration: underline;\"><strong>5km-Lauf:<\/strong><\/span><br \/><strong>WJU20<\/strong><br \/>1. Paula Dieser 21:58,6 min<br \/><strong>W<\/strong><br \/>3. Anika Busch 29:21,0 min<br \/><strong>MJU18<\/strong><br \/>1. Ben Czirnich 17:29,9 min<br \/><strong>MU23<\/strong><br \/>1. Jonathan Busch 19:30,8 min<br \/><strong>M50<\/strong><br \/>4. Ren\u00e9 Jakob 28:28,0 min<\/p><p><span style=\"text-decoration: underline;\"><strong>10km-Lauf:<\/strong><\/span><br \/><strong>M40<\/strong><br \/>8. Manuel Michniok 48:54,8 min<br \/><strong>W55<\/strong><br \/>2. Birgit Busch 53:54,8 min<\/p><p>Bericht: B.Busch<\/p>\t\t\t\t\t\t\t\t<\/div>\n\t\t\t\t<\/div>\n\t\t\t\t\t<\/div>\n\t\t<\/div>\n\t\t\t\t\t<\/div>\n\t\t<\/section>\n\t\t\t\t<section class=\"elementor-section elementor-top-section elementor-element elementor-element-d0f3b12 elementor-section-boxed elementor-section-height-default elementor-section-height-default\" data-id=\"d0f3b12\" data-element_type=\"section\" data-e-type=\"section\">\n\t\t\t\t\t\t<div class=\"elementor-container elementor-column-gap-default\">\n\t\t\t\t\t<div class=\"elementor-column elementor-col-100 elementor-top-column elementor-element elementor-element-e034e82\" data-id=\"e034e82\" data-element_type=\"column\" data-e-type=\"column\">\n\t\t\t<div class=\"elementor-widget-wrap elementor-element-populated\">\n\t\t\t\t\t\t<div class=\"elementor-element elementor-element-dd8aa1a elementor-widget elementor-widget-image\" data-id=\"dd8aa1a\" data-element_type=\"widget\" data-e-type=\"widget\" data-widget_type=\"image.default\">\n\t\t\t\t<div class=\"elementor-widget-container\">\n\t\t\t\t\t\t\t\t\t\t\t\t\t\t\t<img fetchpriority=\"high\" decoding=\"async\" width=\"674\" height=\"1024\" src=\"https:\/\/www.tv-schweinheim.de\/wp\/wp-content\/uploads\/2025\/11\/2025_10_19-Spannrit_Lauf_Kleinostheim-Foto-1-674x1024.jpg\" class=\"attachment-large size-large wp-image-15709\" alt=\"\" srcset=\"https:\/\/www.tv-schweinheim.de\/wp\/wp-content\/uploads\/2025\/11\/2025_10_19-Spannrit_Lauf_Kleinostheim-Foto-1-674x1024.jpg 674w, https:\/\/www.tv-schweinheim.de\/wp\/wp-content\/uploads\/2025\/11\/2025_10_19-Spannrit_Lauf_Kleinostheim-Foto-1-197x300.jpg 197w, https:\/\/www.tv-schweinheim.de\/wp\/wp-content\/uploads\/2025\/11\/2025_10_19-Spannrit_Lauf_Kleinostheim-Foto-1-768x1168.jpg 768w, https:\/\/www.tv-schweinheim.de\/wp\/wp-content\/uploads\/2025\/11\/2025_10_19-Spannrit_Lauf_Kleinostheim-Foto-1.jpg 842w\" sizes=\"(max-width: 674px) 100vw, 674px\" \/>\t\t\t\t\t\t\t\t\t\t\t\t\t\t\t<\/div>\n\t\t\t\t<\/div>\n\t\t\t\t\t<\/div>\n\t\t<\/div>\n\t\t\t\t\t<\/div>\n\t\t<\/section>\n\t\t\t\t<section class=\"elementor-section elementor-top-section elementor-element elementor-element-1592ea9 elementor-section-boxed elementor-section-height-default elementor-section-height-default\" data-id=\"1592ea9\" data-element_type=\"section\" data-e-type=\"section\">\n\t\t\t\t\t\t<div class=\"elementor-container elementor-column-gap-default\">\n\t\t\t\t\t<div class=\"elementor-column elementor-col-100 elementor-top-column elementor-element elementor-element-60474fd\" data-id=\"60474fd\" data-element_type=\"column\" data-e-type=\"column\">\n\t\t\t<div class=\"elementor-widget-wrap elementor-element-populated\">\n\t\t\t\t\t\t<div class=\"elementor-element elementor-element-dac062d elementor-widget elementor-widget-image\" data-id=\"dac062d\" data-element_type=\"widget\" data-e-type=\"widget\" data-widget_type=\"image.default\">\n\t\t\t\t<div class=\"elementor-widget-container\">\n\t\t\t\t\t\t\t\t\t\t\t\t\t\t\t<img decoding=\"async\" width=\"768\" height=\"1024\" src=\"https:\/\/www.tv-schweinheim.de\/wp\/wp-content\/uploads\/2025\/11\/2025_10_19-Spannrit_Lauf_Kleinostheim-Foto-2-768x1024.jpg\" class=\"attachment-large size-large wp-image-15708\" alt=\"\" srcset=\"https:\/\/www.tv-schweinheim.de\/wp\/wp-content\/uploads\/2025\/11\/2025_10_19-Spannrit_Lauf_Kleinostheim-Foto-2-768x1024.jpg 768w, https:\/\/www.tv-schweinheim.de\/wp\/wp-content\/uploads\/2025\/11\/2025_10_19-Spannrit_Lauf_Kleinostheim-Foto-2-225x300.jpg 225w, https:\/\/www.tv-schweinheim.de\/wp\/wp-content\/uploads\/2025\/11\/2025_10_19-Spannrit_Lauf_Kleinostheim-Foto-2.jpg 960w\" sizes=\"(max-width: 768px) 100vw, 768px\" \/>\t\t\t\t\t\t\t\t\t\t\t\t\t\t\t<\/div>\n\t\t\t\t<\/div>\n\t\t\t\t\t<\/div>\n\t\t<\/div>\n\t\t\t\t\t<\/div>\n\t\t<\/section>\n\t\t\t\t<\/div>\n\t\t","protected":false},"excerpt":{"rendered":"<p>Mit insgesamt 17 Kindern, Jugendlichen und Erwachsenen nahmen Athletinnen und Athleten am Sonntag, den 19.10.2025 beim 14. Spannrit Volks- und Stra\u00dfenlauf in Kleinostheim teil.Auf den flachen, schnellen Strecken konnten neue pers\u00f6nliche Bestleistungen erreicht und auch etliche Treppchenpl\u00e4tze errungen werden. Nach der Siegerehrung kehrten die Sportlerinnen und Sportler mit Urkunden, Medaillen und Getr\u00e4nkepr\u00e4senten heim.Die Ergebnisse bei&hellip;&nbsp;<a href=\"https:\/\/www.tv-schweinheim.de\/wp\/2025\/11\/02\/spannrit-volks-und-strassenlauf-der-tsg-kleinostheim\/\" rel=\"bookmark\">Mehr lesen &raquo;<span class=\"screen-reader-text\">Spannrit Volks- und Stra\u00dfenlauf der TSG Kleinostheim<\/span><\/a><\/p>\n","protected":false},"author":1,"featured_media":15707,"comment_status":"closed","ping_status":"open","sticky":false,"template":"","format":"standard","meta":{"_acf_changed":false,"neve_meta_sidebar":"","neve_meta_container":"","neve_meta_enable_content_width":"","neve_meta_content_width":0,"neve_meta_title_alignment":"","neve_meta_author_avatar":"","neve_post_elements_order":"","neve_meta_disable_header":"","neve_meta_disable_footer":"","neve_meta_disable_title":"","neve_meta_reading_time":"","footnotes":""},"categories":[107,1],"tags":[],"class_list":["post-15706","post","type-post","status-publish","format-standard","has-post-thumbnail","hentry","category-leichtathletik","category-vereinsnachrichten"],"acf":[],"yoast_head":"<!-- This site is optimized with the Yoast SEO plugin v27.4 - https:\/\/yoast.com\/product\/yoast-seo-wordpress\/ -->\n<title>Spannrit Volks- und Stra\u00dfenlauf der TSG Kleinostheim - Turnverein Schweinheim<\/title>\n<meta name=\"robots\" content=\"index, follow, max-snippet:-1, max-image-preview:large, max-video-preview:-1\" \/>\n<link rel=\"canonical\" href=\"https:\/\/www.tv-schweinheim.de\/wp\/2025\/11\/02\/spannrit-volks-und-strassenlauf-der-tsg-kleinostheim\/\" \/>\n<meta property=\"og:locale\" content=\"de_DE\" \/>\n<meta property=\"og:type\" content=\"article\" \/>\n<meta property=\"og:title\" content=\"Spannrit Volks- und Stra\u00dfenlauf der TSG Kleinostheim - Turnverein Schweinheim\" \/>\n<meta property=\"og:description\" content=\"Mit insgesamt 17 Kindern, Jugendlichen und Erwachsenen nahmen Athletinnen und Athleten am Sonntag, den 19.10.2025 beim 14. Spannrit Volks- und Stra\u00dfenlauf in Kleinostheim teil.Auf den flachen, schnellen Strecken konnten neue pers\u00f6nliche Bestleistungen erreicht und auch etliche Treppchenpl\u00e4tze errungen werden. Nach der Siegerehrung kehrten die Sportlerinnen und Sportler mit Urkunden, Medaillen und Getr\u00e4nkepr\u00e4senten heim.Die Ergebnisse bei&hellip;&nbsp;Mehr lesen &raquo;Spannrit Volks- und Stra\u00dfenlauf der TSG Kleinostheim\" \/>\n<meta property=\"og:url\" content=\"https:\/\/www.tv-schweinheim.de\/wp\/2025\/11\/02\/spannrit-volks-und-strassenlauf-der-tsg-kleinostheim\/\" \/>\n<meta property=\"og:site_name\" content=\"Turnverein Schweinheim\" \/>\n<meta property=\"article:publisher\" content=\"https:\/\/www.facebook.com\/turnvereinschweinheim\/\" \/>\n<meta property=\"article:published_time\" content=\"2025-11-02T16:41:09+00:00\" \/>\n<meta property=\"article:modified_time\" content=\"2025-11-02T16:46:01+00:00\" \/>\n<meta property=\"og:image\" content=\"https:\/\/www.tv-schweinheim.de\/wp\/wp-content\/uploads\/2025\/11\/2025_10_19-Spannrit_Lauf_Kleinostheim-Foto-4.jpg\" \/>\n\t<meta property=\"og:image:width\" content=\"960\" \/>\n\t<meta property=\"og:image:height\" content=\"1280\" \/>\n\t<meta property=\"og:image:type\" content=\"image\/jpeg\" \/>\n<meta name=\"author\" content=\"TV Schweinheim\" \/>\n<meta name=\"twitter:card\" content=\"summary_large_image\" \/>\n<meta name=\"twitter:label1\" content=\"Verfasst von\" \/>\n\t<meta name=\"twitter:data1\" content=\"TV Schweinheim\" \/>\n\t<meta name=\"twitter:label2\" content=\"Gesch\u00e4tzte Lesezeit\" \/>\n\t<meta name=\"twitter:data2\" content=\"2\u00a0Minuten\" \/>\n<script type=\"application\/ld+json\" class=\"yoast-schema-graph\">{\"@context\":\"https:\\\/\\\/schema.org\",\"@graph\":[{\"@type\":\"Article\",\"@id\":\"https:\\\/\\\/www.tv-schweinheim.de\\\/wp\\\/2025\\\/11\\\/02\\\/spannrit-volks-und-strassenlauf-der-tsg-kleinostheim\\\/#article\",\"isPartOf\":{\"@id\":\"https:\\\/\\\/www.tv-schweinheim.de\\\/wp\\\/2025\\\/11\\\/02\\\/spannrit-volks-und-strassenlauf-der-tsg-kleinostheim\\\/\"},\"author\":{\"name\":\"TV Schweinheim\",\"@id\":\"https:\\\/\\\/www.tv-schweinheim.de\\\/wp\\\/#\\\/schema\\\/person\\\/915ee9d7e551cd0d56482210d3559051\"},\"headline\":\"Spannrit Volks- und Stra\u00dfenlauf der TSG Kleinostheim\",\"datePublished\":\"2025-11-02T16:41:09+00:00\",\"dateModified\":\"2025-11-02T16:46:01+00:00\",\"mainEntityOfPage\":{\"@id\":\"https:\\\/\\\/www.tv-schweinheim.de\\\/wp\\\/2025\\\/11\\\/02\\\/spannrit-volks-und-strassenlauf-der-tsg-kleinostheim\\\/\"},\"wordCount\":152,\"publisher\":{\"@id\":\"https:\\\/\\\/www.tv-schweinheim.de\\\/wp\\\/#organization\"},\"image\":{\"@id\":\"https:\\\/\\\/www.tv-schweinheim.de\\\/wp\\\/2025\\\/11\\\/02\\\/spannrit-volks-und-strassenlauf-der-tsg-kleinostheim\\\/#primaryimage\"},\"thumbnailUrl\":\"https:\\\/\\\/www.tv-schweinheim.de\\\/wp\\\/wp-content\\\/uploads\\\/2025\\\/11\\\/2025_10_19-Spannrit_Lauf_Kleinostheim-Foto-4.jpg\",\"articleSection\":[\"Leichtathletik\",\"Vereinsnachrichten\"],\"inLanguage\":\"de\"},{\"@type\":\"WebPage\",\"@id\":\"https:\\\/\\\/www.tv-schweinheim.de\\\/wp\\\/2025\\\/11\\\/02\\\/spannrit-volks-und-strassenlauf-der-tsg-kleinostheim\\\/\",\"url\":\"https:\\\/\\\/www.tv-schweinheim.de\\\/wp\\\/2025\\\/11\\\/02\\\/spannrit-volks-und-strassenlauf-der-tsg-kleinostheim\\\/\",\"name\":\"Spannrit Volks- und Stra\u00dfenlauf der TSG Kleinostheim - Turnverein Schweinheim\",\"isPartOf\":{\"@id\":\"https:\\\/\\\/www.tv-schweinheim.de\\\/wp\\\/#website\"},\"primaryImageOfPage\":{\"@id\":\"https:\\\/\\\/www.tv-schweinheim.de\\\/wp\\\/2025\\\/11\\\/02\\\/spannrit-volks-und-strassenlauf-der-tsg-kleinostheim\\\/#primaryimage\"},\"image\":{\"@id\":\"https:\\\/\\\/www.tv-schweinheim.de\\\/wp\\\/2025\\\/11\\\/02\\\/spannrit-volks-und-strassenlauf-der-tsg-kleinostheim\\\/#primaryimage\"},\"thumbnailUrl\":\"https:\\\/\\\/www.tv-schweinheim.de\\\/wp\\\/wp-content\\\/uploads\\\/2025\\\/11\\\/2025_10_19-Spannrit_Lauf_Kleinostheim-Foto-4.jpg\",\"datePublished\":\"2025-11-02T16:41:09+00:00\",\"dateModified\":\"2025-11-02T16:46:01+00:00\",\"breadcrumb\":{\"@id\":\"https:\\\/\\\/www.tv-schweinheim.de\\\/wp\\\/2025\\\/11\\\/02\\\/spannrit-volks-und-strassenlauf-der-tsg-kleinostheim\\\/#breadcrumb\"},\"inLanguage\":\"de\",\"potentialAction\":[{\"@type\":\"ReadAction\",\"target\":[\"https:\\\/\\\/www.tv-schweinheim.de\\\/wp\\\/2025\\\/11\\\/02\\\/spannrit-volks-und-strassenlauf-der-tsg-kleinostheim\\\/\"]}]},{\"@type\":\"ImageObject\",\"inLanguage\":\"de\",\"@id\":\"https:\\\/\\\/www.tv-schweinheim.de\\\/wp\\\/2025\\\/11\\\/02\\\/spannrit-volks-und-strassenlauf-der-tsg-kleinostheim\\\/#primaryimage\",\"url\":\"https:\\\/\\\/www.tv-schweinheim.de\\\/wp\\\/wp-content\\\/uploads\\\/2025\\\/11\\\/2025_10_19-Spannrit_Lauf_Kleinostheim-Foto-4.jpg\",\"contentUrl\":\"https:\\\/\\\/www.tv-schweinheim.de\\\/wp\\\/wp-content\\\/uploads\\\/2025\\\/11\\\/2025_10_19-Spannrit_Lauf_Kleinostheim-Foto-4.jpg\",\"width\":960,\"height\":1280},{\"@type\":\"BreadcrumbList\",\"@id\":\"https:\\\/\\\/www.tv-schweinheim.de\\\/wp\\\/2025\\\/11\\\/02\\\/spannrit-volks-und-strassenlauf-der-tsg-kleinostheim\\\/#breadcrumb\",\"itemListElement\":[{\"@type\":\"ListItem\",\"position\":1,\"name\":\"Startseite\",\"item\":\"https:\\\/\\\/www.tv-schweinheim.de\\\/wp\\\/\"},{\"@type\":\"ListItem\",\"position\":2,\"name\":\"Spannrit Volks- und Stra\u00dfenlauf der TSG Kleinostheim\"}]},{\"@type\":\"WebSite\",\"@id\":\"https:\\\/\\\/www.tv-schweinheim.de\\\/wp\\\/#website\",\"url\":\"https:\\\/\\\/www.tv-schweinheim.de\\\/wp\\\/\",\"name\":\"Turnverein Schweinheim\",\"description\":\"1885 e.V.\",\"publisher\":{\"@id\":\"https:\\\/\\\/www.tv-schweinheim.de\\\/wp\\\/#organization\"},\"potentialAction\":[{\"@type\":\"SearchAction\",\"target\":{\"@type\":\"EntryPoint\",\"urlTemplate\":\"https:\\\/\\\/www.tv-schweinheim.de\\\/wp\\\/?s={search_term_string}\"},\"query-input\":{\"@type\":\"PropertyValueSpecification\",\"valueRequired\":true,\"valueName\":\"search_term_string\"}}],\"inLanguage\":\"de\"},{\"@type\":\"Organization\",\"@id\":\"https:\\\/\\\/www.tv-schweinheim.de\\\/wp\\\/#organization\",\"name\":\"TV Schweinheim\",\"url\":\"https:\\\/\\\/www.tv-schweinheim.de\\\/wp\\\/\",\"logo\":{\"@type\":\"ImageObject\",\"inLanguage\":\"de\",\"@id\":\"https:\\\/\\\/www.tv-schweinheim.de\\\/wp\\\/#\\\/schema\\\/logo\\\/image\\\/\",\"url\":\"https:\\\/\\\/www.tv-schweinheim.de\\\/wp\\\/wp-content\\\/uploads\\\/2020\\\/06\\\/logo.png\",\"contentUrl\":\"https:\\\/\\\/www.tv-schweinheim.de\\\/wp\\\/wp-content\\\/uploads\\\/2020\\\/06\\\/logo.png\",\"width\":152,\"height\":146,\"caption\":\"TV Schweinheim\"},\"image\":{\"@id\":\"https:\\\/\\\/www.tv-schweinheim.de\\\/wp\\\/#\\\/schema\\\/logo\\\/image\\\/\"},\"sameAs\":[\"https:\\\/\\\/www.facebook.com\\\/turnvereinschweinheim\\\/\",\"https:\\\/\\\/www.instagram.com\\\/tv_schweinheim\\\/\"]},{\"@type\":\"Person\",\"@id\":\"https:\\\/\\\/www.tv-schweinheim.de\\\/wp\\\/#\\\/schema\\\/person\\\/915ee9d7e551cd0d56482210d3559051\",\"name\":\"TV Schweinheim\",\"image\":{\"@type\":\"ImageObject\",\"inLanguage\":\"de\",\"@id\":\"https:\\\/\\\/secure.gravatar.com\\\/avatar\\\/cc8d8ce0419cb19a9ea8d6ac28532150268e2dcc375b4224f15f39b3b6ca3675?s=96&d=mm&r=g\",\"url\":\"https:\\\/\\\/secure.gravatar.com\\\/avatar\\\/cc8d8ce0419cb19a9ea8d6ac28532150268e2dcc375b4224f15f39b3b6ca3675?s=96&d=mm&r=g\",\"contentUrl\":\"https:\\\/\\\/secure.gravatar.com\\\/avatar\\\/cc8d8ce0419cb19a9ea8d6ac28532150268e2dcc375b4224f15f39b3b6ca3675?s=96&d=mm&r=g\",\"caption\":\"TV Schweinheim\"},\"url\":\"https:\\\/\\\/www.tv-schweinheim.de\\\/wp\\\/author\\\/superuser\\\/\"}]}<\/script>\n<!-- \/ Yoast SEO plugin. -->","yoast_head_json":{"title":"Spannrit Volks- und Stra\u00dfenlauf der TSG Kleinostheim - Turnverein Schweinheim","robots":{"index":"index","follow":"follow","max-snippet":"max-snippet:-1","max-image-preview":"max-image-preview:large","max-video-preview":"max-video-preview:-1"},"canonical":"https:\/\/www.tv-schweinheim.de\/wp\/2025\/11\/02\/spannrit-volks-und-strassenlauf-der-tsg-kleinostheim\/","og_locale":"de_DE","og_type":"article","og_title":"Spannrit Volks- und Stra\u00dfenlauf der TSG Kleinostheim - Turnverein Schweinheim","og_description":"Mit insgesamt 17 Kindern, Jugendlichen und Erwachsenen nahmen Athletinnen und Athleten am Sonntag, den 19.10.2025 beim 14. Spannrit Volks- und Stra\u00dfenlauf in Kleinostheim teil.Auf den flachen, schnellen Strecken konnten neue pers\u00f6nliche Bestleistungen erreicht und auch etliche Treppchenpl\u00e4tze errungen werden. Nach der Siegerehrung kehrten die Sportlerinnen und Sportler mit Urkunden, Medaillen und Getr\u00e4nkepr\u00e4senten heim.Die Ergebnisse bei&hellip;&nbsp;Mehr lesen &raquo;Spannrit Volks- und Stra\u00dfenlauf der TSG Kleinostheim","og_url":"https:\/\/www.tv-schweinheim.de\/wp\/2025\/11\/02\/spannrit-volks-und-strassenlauf-der-tsg-kleinostheim\/","og_site_name":"Turnverein Schweinheim","article_publisher":"https:\/\/www.facebook.com\/turnvereinschweinheim\/","article_published_time":"2025-11-02T16:41:09+00:00","article_modified_time":"2025-11-02T16:46:01+00:00","og_image":[{"width":960,"height":1280,"url":"https:\/\/www.tv-schweinheim.de\/wp\/wp-content\/uploads\/2025\/11\/2025_10_19-Spannrit_Lauf_Kleinostheim-Foto-4.jpg","type":"image\/jpeg"}],"author":"TV Schweinheim","twitter_card":"summary_large_image","twitter_misc":{"Verfasst von":"TV Schweinheim","Gesch\u00e4tzte Lesezeit":"2\u00a0Minuten"},"schema":{"@context":"https:\/\/schema.org","@graph":[{"@type":"Article","@id":"https:\/\/www.tv-schweinheim.de\/wp\/2025\/11\/02\/spannrit-volks-und-strassenlauf-der-tsg-kleinostheim\/#article","isPartOf":{"@id":"https:\/\/www.tv-schweinheim.de\/wp\/2025\/11\/02\/spannrit-volks-und-strassenlauf-der-tsg-kleinostheim\/"},"author":{"name":"TV Schweinheim","@id":"https:\/\/www.tv-schweinheim.de\/wp\/#\/schema\/person\/915ee9d7e551cd0d56482210d3559051"},"headline":"Spannrit Volks- und Stra\u00dfenlauf der TSG Kleinostheim","datePublished":"2025-11-02T16:41:09+00:00","dateModified":"2025-11-02T16:46:01+00:00","mainEntityOfPage":{"@id":"https:\/\/www.tv-schweinheim.de\/wp\/2025\/11\/02\/spannrit-volks-und-strassenlauf-der-tsg-kleinostheim\/"},"wordCount":152,"publisher":{"@id":"https:\/\/www.tv-schweinheim.de\/wp\/#organization"},"image":{"@id":"https:\/\/www.tv-schweinheim.de\/wp\/2025\/11\/02\/spannrit-volks-und-strassenlauf-der-tsg-kleinostheim\/#primaryimage"},"thumbnailUrl":"https:\/\/www.tv-schweinheim.de\/wp\/wp-content\/uploads\/2025\/11\/2025_10_19-Spannrit_Lauf_Kleinostheim-Foto-4.jpg","articleSection":["Leichtathletik","Vereinsnachrichten"],"inLanguage":"de"},{"@type":"WebPage","@id":"https:\/\/www.tv-schweinheim.de\/wp\/2025\/11\/02\/spannrit-volks-und-strassenlauf-der-tsg-kleinostheim\/","url":"https:\/\/www.tv-schweinheim.de\/wp\/2025\/11\/02\/spannrit-volks-und-strassenlauf-der-tsg-kleinostheim\/","name":"Spannrit Volks- und Stra\u00dfenlauf der TSG Kleinostheim - Turnverein Schweinheim","isPartOf":{"@id":"https:\/\/www.tv-schweinheim.de\/wp\/#website"},"primaryImageOfPage":{"@id":"https:\/\/www.tv-schweinheim.de\/wp\/2025\/11\/02\/spannrit-volks-und-strassenlauf-der-tsg-kleinostheim\/#primaryimage"},"image":{"@id":"https:\/\/www.tv-schweinheim.de\/wp\/2025\/11\/02\/spannrit-volks-und-strassenlauf-der-tsg-kleinostheim\/#primaryimage"},"thumbnailUrl":"https:\/\/www.tv-schweinheim.de\/wp\/wp-content\/uploads\/2025\/11\/2025_10_19-Spannrit_Lauf_Kleinostheim-Foto-4.jpg","datePublished":"2025-11-02T16:41:09+00:00","dateModified":"2025-11-02T16:46:01+00:00","breadcrumb":{"@id":"https:\/\/www.tv-schweinheim.de\/wp\/2025\/11\/02\/spannrit-volks-und-strassenlauf-der-tsg-kleinostheim\/#breadcrumb"},"inLanguage":"de","potentialAction":[{"@type":"ReadAction","target":["https:\/\/www.tv-schweinheim.de\/wp\/2025\/11\/02\/spannrit-volks-und-strassenlauf-der-tsg-kleinostheim\/"]}]},{"@type":"ImageObject","inLanguage":"de","@id":"https:\/\/www.tv-schweinheim.de\/wp\/2025\/11\/02\/spannrit-volks-und-strassenlauf-der-tsg-kleinostheim\/#primaryimage","url":"https:\/\/www.tv-schweinheim.de\/wp\/wp-content\/uploads\/2025\/11\/2025_10_19-Spannrit_Lauf_Kleinostheim-Foto-4.jpg","contentUrl":"https:\/\/www.tv-schweinheim.de\/wp\/wp-content\/uploads\/2025\/11\/2025_10_19-Spannrit_Lauf_Kleinostheim-Foto-4.jpg","width":960,"height":1280},{"@type":"BreadcrumbList","@id":"https:\/\/www.tv-schweinheim.de\/wp\/2025\/11\/02\/spannrit-volks-und-strassenlauf-der-tsg-kleinostheim\/#breadcrumb","itemListElement":[{"@type":"ListItem","position":1,"name":"Startseite","item":"https:\/\/www.tv-schweinheim.de\/wp\/"},{"@type":"ListItem","position":2,"name":"Spannrit Volks- und Stra\u00dfenlauf der TSG Kleinostheim"}]},{"@type":"WebSite","@id":"https:\/\/www.tv-schweinheim.de\/wp\/#website","url":"https:\/\/www.tv-schweinheim.de\/wp\/","name":"Turnverein Schweinheim","description":"1885 e.V.","publisher":{"@id":"https:\/\/www.tv-schweinheim.de\/wp\/#organization"},"potentialAction":[{"@type":"SearchAction","target":{"@type":"EntryPoint","urlTemplate":"https:\/\/www.tv-schweinheim.de\/wp\/?s={search_term_string}"},"query-input":{"@type":"PropertyValueSpecification","valueRequired":true,"valueName":"search_term_string"}}],"inLanguage":"de"},{"@type":"Organization","@id":"https:\/\/www.tv-schweinheim.de\/wp\/#organization","name":"TV Schweinheim","url":"https:\/\/www.tv-schweinheim.de\/wp\/","logo":{"@type":"ImageObject","inLanguage":"de","@id":"https:\/\/www.tv-schweinheim.de\/wp\/#\/schema\/logo\/image\/","url":"https:\/\/www.tv-schweinheim.de\/wp\/wp-content\/uploads\/2020\/06\/logo.png","contentUrl":"https:\/\/www.tv-schweinheim.de\/wp\/wp-content\/uploads\/2020\/06\/logo.png","width":152,"height":146,"caption":"TV Schweinheim"},"image":{"@id":"https:\/\/www.tv-schweinheim.de\/wp\/#\/schema\/logo\/image\/"},"sameAs":["https:\/\/www.facebook.com\/turnvereinschweinheim\/","https:\/\/www.instagram.com\/tv_schweinheim\/"]},{"@type":"Person","@id":"https:\/\/www.tv-schweinheim.de\/wp\/#\/schema\/person\/915ee9d7e551cd0d56482210d3559051","name":"TV Schweinheim","image":{"@type":"ImageObject","inLanguage":"de","@id":"https:\/\/secure.gravatar.com\/avatar\/cc8d8ce0419cb19a9ea8d6ac28532150268e2dcc375b4224f15f39b3b6ca3675?s=96&d=mm&r=g","url":"https:\/\/secure.gravatar.com\/avatar\/cc8d8ce0419cb19a9ea8d6ac28532150268e2dcc375b4224f15f39b3b6ca3675?s=96&d=mm&r=g","contentUrl":"https:\/\/secure.gravatar.com\/avatar\/cc8d8ce0419cb19a9ea8d6ac28532150268e2dcc375b4224f15f39b3b6ca3675?s=96&d=mm&r=g","caption":"TV Schweinheim"},"url":"https:\/\/www.tv-schweinheim.de\/wp\/author\/superuser\/"}]}},"_links":{"self":[{"href":"https:\/\/www.tv-schweinheim.de\/wp\/wp-json\/wp\/v2\/posts\/15706","targetHints":{"allow":["GET"]}}],"collection":[{"href":"https:\/\/www.tv-schweinheim.de\/wp\/wp-json\/wp\/v2\/posts"}],"about":[{"href":"https:\/\/www.tv-schweinheim.de\/wp\/wp-json\/wp\/v2\/types\/post"}],"author":[{"embeddable":true,"href":"https:\/\/www.tv-schweinheim.de\/wp\/wp-json\/wp\/v2\/users\/1"}],"replies":[{"embeddable":true,"href":"https:\/\/www.tv-schweinheim.de\/wp\/wp-json\/wp\/v2\/comments?post=15706"}],"version-history":[{"count":4,"href":"https:\/\/www.tv-schweinheim.de\/wp\/wp-json\/wp\/v2\/posts\/15706\/revisions"}],"predecessor-version":[{"id":15713,"href":"https:\/\/www.tv-schweinheim.de\/wp\/wp-json\/wp\/v2\/posts\/15706\/revisions\/15713"}],"wp:featuredmedia":[{"embeddable":true,"href":"https:\/\/www.tv-schweinheim.de\/wp\/wp-json\/wp\/v2\/media\/15707"}],"wp:attachment":[{"href":"https:\/\/www.tv-schweinheim.de\/wp\/wp-json\/wp\/v2\/media?parent=15706"}],"wp:term":[{"taxonomy":"category","embeddable":true,"href":"https:\/\/www.tv-schweinheim.de\/wp\/wp-json\/wp\/v2\/categories?post=15706"},{"taxonomy":"post_tag","embeddable":true,"href":"https:\/\/www.tv-schweinheim.de\/wp\/wp-json\/wp\/v2\/tags?post=15706"}],"curies":[{"name":"wp","href":"https:\/\/api.w.org\/{rel}","templated":true}]}}