{"id":15736,"date":"2025-11-08T17:32:49","date_gmt":"2025-11-08T15:32:49","guid":{"rendered":"https:\/\/www.tv-schweinheim.de\/wp\/?p=15736"},"modified":"2025-11-08T17:34:39","modified_gmt":"2025-11-08T15:34:39","slug":"naturfreunde-schweinheim-spenden-500-euro-an-den-tv-schweinheim-gemeinsam-fuer-unser-dach","status":"publish","type":"post","link":"https:\/\/www.tv-schweinheim.de\/wp\/2025\/11\/08\/naturfreunde-schweinheim-spenden-500-euro-an-den-tv-schweinheim-gemeinsam-fuer-unser-dach\/","title":{"rendered":"Naturfreunde Schweinheim spenden 500 Euro an den TV Schweinheim \u2013 Gemeinsam f\u00fcr unser Dach"},"content":{"rendered":"\t\t<div data-elementor-type=\"wp-post\" data-elementor-id=\"15736\" class=\"elementor elementor-15736\">\n\t\t\t\t\t\t<section class=\"elementor-section elementor-top-section elementor-element elementor-element-be8b22d elementor-section-boxed elementor-section-height-default elementor-section-height-default\" data-id=\"be8b22d\" data-element_type=\"section\" data-e-type=\"section\">\n\t\t\t\t\t\t<div class=\"elementor-container elementor-column-gap-default\">\n\t\t\t\t\t<div class=\"elementor-column elementor-col-100 elementor-top-column elementor-element elementor-element-96996f3\" data-id=\"96996f3\" data-element_type=\"column\" data-e-type=\"column\">\n\t\t\t<div class=\"elementor-widget-wrap elementor-element-populated\">\n\t\t\t\t\t\t<div class=\"elementor-element elementor-element-82e5507 elementor-widget elementor-widget-text-editor\" data-id=\"82e5507\" data-element_type=\"widget\" data-e-type=\"widget\" data-widget_type=\"text-editor.default\">\n\t\t\t\t<div class=\"elementor-widget-container\">\n\t\t\t\t\t\t\t\t\t<p>Schweinheim \u2013 Der TV Schweinheim durfte sich erneut \u00fcber eine gro\u00dfz\u00fcgige Unterst\u00fctzung aus der Schweinheimer Vereinsgemeinschaft freuen. Die Naturfreunde Schweinheim \u00fcberreichten eine Spende in H\u00f6he von 500 Euro f\u00fcr die Sanierung des Vereinsdachs.<\/p><p>Der TV Schweinheim bedankt sich herzlich bei den Naturfreunden f\u00fcr diese wertvolle Hilfe.<\/p><p>\u201eWir halten zusammen \u2013 das ist Schweinheim!\u201c, so der Wolfgang Goldhammer und Peter Maier bei der Spenden\u00fcbergabe.<\/p><p>TVS Vorstand<\/p>\t\t\t\t\t\t\t\t<\/div>\n\t\t\t\t<\/div>\n\t\t\t\t\t<\/div>\n\t\t<\/div>\n\t\t\t\t\t<\/div>\n\t\t<\/section>\n\t\t\t\t<section class=\"elementor-section elementor-top-section elementor-element elementor-element-3e84285 elementor-section-boxed elementor-section-height-default elementor-section-height-default\" data-id=\"3e84285\" data-element_type=\"section\" data-e-type=\"section\">\n\t\t\t\t\t\t<div class=\"elementor-container elementor-column-gap-default\">\n\t\t\t\t\t<div class=\"elementor-column elementor-col-100 elementor-top-column elementor-element elementor-element-eea52a8\" data-id=\"eea52a8\" data-element_type=\"column\" data-e-type=\"column\">\n\t\t\t<div class=\"elementor-widget-wrap elementor-element-populated\">\n\t\t\t\t\t\t<div class=\"elementor-element elementor-element-cce4024 elementor-widget elementor-widget-image\" data-id=\"cce4024\" data-element_type=\"widget\" data-e-type=\"widget\" data-widget_type=\"image.default\">\n\t\t\t\t<div class=\"elementor-widget-container\">\n\t\t\t\t\t\t\t\t\t\t\t\t\t\t\t<img fetchpriority=\"high\" decoding=\"async\" width=\"1024\" height=\"749\" src=\"https:\/\/www.tv-schweinheim.de\/wp\/wp-content\/uploads\/2025\/11\/image0-8-1024x749.jpeg\" class=\"attachment-large size-large wp-image-15737\" alt=\"\" srcset=\"https:\/\/www.tv-schweinheim.de\/wp\/wp-content\/uploads\/2025\/11\/image0-8-1024x749.jpeg 1024w, https:\/\/www.tv-schweinheim.de\/wp\/wp-content\/uploads\/2025\/11\/image0-8-300x219.jpeg 300w, https:\/\/www.tv-schweinheim.de\/wp\/wp-content\/uploads\/2025\/11\/image0-8-768x561.jpeg 768w, https:\/\/www.tv-schweinheim.de\/wp\/wp-content\/uploads\/2025\/11\/image0-8-1536x1123.jpeg 1536w, https:\/\/www.tv-schweinheim.de\/wp\/wp-content\/uploads\/2025\/11\/image0-8-2048x1497.jpeg 2048w\" sizes=\"(max-width: 1024px) 100vw, 1024px\" \/>\t\t\t\t\t\t\t\t\t\t\t\t\t\t\t<\/div>\n\t\t\t\t<\/div>\n\t\t\t\t\t<\/div>\n\t\t<\/div>\n\t\t\t\t\t<\/div>\n\t\t<\/section>\n\t\t\t\t<section class=\"elementor-section elementor-top-section elementor-element elementor-element-33b6969 elementor-section-boxed elementor-section-height-default elementor-section-height-default\" data-id=\"33b6969\" data-element_type=\"section\" data-e-type=\"section\">\n\t\t\t\t\t\t<div class=\"elementor-container elementor-column-gap-default\">\n\t\t\t\t\t<div class=\"elementor-column elementor-col-100 elementor-top-column elementor-element elementor-element-af8adfc\" data-id=\"af8adfc\" data-element_type=\"column\" data-e-type=\"column\">\n\t\t\t<div class=\"elementor-widget-wrap elementor-element-populated\">\n\t\t\t\t\t\t<div class=\"elementor-element elementor-element-29f06e8 elementor-widget elementor-widget-text-editor\" data-id=\"29f06e8\" data-element_type=\"widget\" data-e-type=\"widget\" data-widget_type=\"text-editor.default\">\n\t\t\t\t<div class=\"elementor-widget-container\">\n\t\t\t\t\t\t\t\t\t<p>Natalia Schlott, Wolfgang Goldhammer, Peter Maier, Veit Kolb<\/p>\t\t\t\t\t\t\t\t<\/div>\n\t\t\t\t<\/div>\n\t\t\t\t\t<\/div>\n\t\t<\/div>\n\t\t\t\t\t<\/div>\n\t\t<\/section>\n\t\t\t\t<\/div>\n\t\t","protected":false},"excerpt":{"rendered":"<p>Schweinheim \u2013 Der TV Schweinheim durfte sich erneut \u00fcber eine gro\u00dfz\u00fcgige Unterst\u00fctzung aus der Schweinheimer Vereinsgemeinschaft freuen. Die Naturfreunde Schweinheim \u00fcberreichten eine Spende in H\u00f6he von 500 Euro f\u00fcr die Sanierung des Vereinsdachs. Der TV Schweinheim bedankt sich herzlich bei den Naturfreunden f\u00fcr diese wertvolle Hilfe. \u201eWir halten zusammen \u2013 das ist Schweinheim!\u201c, so der&hellip;&nbsp;<a href=\"https:\/\/www.tv-schweinheim.de\/wp\/2025\/11\/08\/naturfreunde-schweinheim-spenden-500-euro-an-den-tv-schweinheim-gemeinsam-fuer-unser-dach\/\" rel=\"bookmark\">Mehr lesen &raquo;<span class=\"screen-reader-text\">Naturfreunde Schweinheim spenden 500 Euro an den TV Schweinheim \u2013 Gemeinsam f\u00fcr unser Dach<\/span><\/a><\/p>\n","protected":false},"author":1,"featured_media":15737,"comment_status":"closed","ping_status":"open","sticky":false,"template":"","format":"standard","meta":{"_acf_changed":false,"neve_meta_sidebar":"","neve_meta_container":"","neve_meta_enable_content_width":"","neve_meta_content_width":0,"neve_meta_title_alignment":"","neve_meta_author_avatar":"","neve_post_elements_order":"","neve_meta_disable_header":"","neve_meta_disable_footer":"","neve_meta_disable_title":"","neve_meta_reading_time":"","footnotes":""},"categories":[125],"tags":[],"class_list":["post-15736","post","type-post","status-publish","format-standard","has-post-thumbnail","hentry","category-werbung"],"acf":[],"yoast_head":"<!-- This site is optimized with the Yoast SEO plugin v27.4 - https:\/\/yoast.com\/product\/yoast-seo-wordpress\/ -->\n<title>Naturfreunde Schweinheim spenden 500 Euro an den TV Schweinheim \u2013 Gemeinsam f\u00fcr unser Dach - Turnverein Schweinheim<\/title>\n<meta name=\"robots\" content=\"index, follow, max-snippet:-1, max-image-preview:large, max-video-preview:-1\" \/>\n<link rel=\"canonical\" href=\"https:\/\/www.tv-schweinheim.de\/wp\/2025\/11\/08\/naturfreunde-schweinheim-spenden-500-euro-an-den-tv-schweinheim-gemeinsam-fuer-unser-dach\/\" \/>\n<meta property=\"og:locale\" content=\"de_DE\" \/>\n<meta property=\"og:type\" content=\"article\" \/>\n<meta property=\"og:title\" content=\"Naturfreunde Schweinheim spenden 500 Euro an den TV Schweinheim \u2013 Gemeinsam f\u00fcr unser Dach - Turnverein Schweinheim\" \/>\n<meta property=\"og:description\" content=\"Schweinheim \u2013 Der TV Schweinheim durfte sich erneut \u00fcber eine gro\u00dfz\u00fcgige Unterst\u00fctzung aus der Schweinheimer Vereinsgemeinschaft freuen. Die Naturfreunde Schweinheim \u00fcberreichten eine Spende in H\u00f6he von 500 Euro f\u00fcr die Sanierung des Vereinsdachs. Der TV Schweinheim bedankt sich herzlich bei den Naturfreunden f\u00fcr diese wertvolle Hilfe. \u201eWir halten zusammen \u2013 das ist Schweinheim!\u201c, so der&hellip;&nbsp;Mehr lesen &raquo;Naturfreunde Schweinheim spenden 500 Euro an den TV Schweinheim \u2013 Gemeinsam f\u00fcr unser Dach\" \/>\n<meta property=\"og:url\" content=\"https:\/\/www.tv-schweinheim.de\/wp\/2025\/11\/08\/naturfreunde-schweinheim-spenden-500-euro-an-den-tv-schweinheim-gemeinsam-fuer-unser-dach\/\" \/>\n<meta property=\"og:site_name\" content=\"Turnverein Schweinheim\" \/>\n<meta property=\"article:publisher\" content=\"https:\/\/www.facebook.com\/turnvereinschweinheim\/\" \/>\n<meta property=\"article:published_time\" content=\"2025-11-08T15:32:49+00:00\" \/>\n<meta property=\"article:modified_time\" content=\"2025-11-08T15:34:39+00:00\" \/>\n<meta property=\"og:image\" content=\"https:\/\/www.tv-schweinheim.de\/wp\/wp-content\/uploads\/2025\/11\/image0-8-scaled.jpeg\" \/>\n\t<meta property=\"og:image:width\" content=\"2560\" \/>\n\t<meta property=\"og:image:height\" content=\"1872\" \/>\n\t<meta property=\"og:image:type\" content=\"image\/jpeg\" \/>\n<meta name=\"author\" content=\"TV Schweinheim\" \/>\n<meta name=\"twitter:card\" content=\"summary_large_image\" \/>\n<meta name=\"twitter:label1\" content=\"Verfasst von\" \/>\n\t<meta name=\"twitter:data1\" content=\"TV Schweinheim\" \/>\n\t<meta name=\"twitter:label2\" content=\"Gesch\u00e4tzte Lesezeit\" \/>\n\t<meta name=\"twitter:data2\" content=\"1\u00a0Minute\" \/>\n<script type=\"application\/ld+json\" class=\"yoast-schema-graph\">{\"@context\":\"https:\\\/\\\/schema.org\",\"@graph\":[{\"@type\":\"Article\",\"@id\":\"https:\\\/\\\/www.tv-schweinheim.de\\\/wp\\\/2025\\\/11\\\/08\\\/naturfreunde-schweinheim-spenden-500-euro-an-den-tv-schweinheim-gemeinsam-fuer-unser-dach\\\/#article\",\"isPartOf\":{\"@id\":\"https:\\\/\\\/www.tv-schweinheim.de\\\/wp\\\/2025\\\/11\\\/08\\\/naturfreunde-schweinheim-spenden-500-euro-an-den-tv-schweinheim-gemeinsam-fuer-unser-dach\\\/\"},\"author\":{\"name\":\"TV Schweinheim\",\"@id\":\"https:\\\/\\\/www.tv-schweinheim.de\\\/wp\\\/#\\\/schema\\\/person\\\/915ee9d7e551cd0d56482210d3559051\"},\"headline\":\"Naturfreunde Schweinheim spenden 500 Euro an den TV Schweinheim \u2013 Gemeinsam f\u00fcr unser Dach\",\"datePublished\":\"2025-11-08T15:32:49+00:00\",\"dateModified\":\"2025-11-08T15:34:39+00:00\",\"mainEntityOfPage\":{\"@id\":\"https:\\\/\\\/www.tv-schweinheim.de\\\/wp\\\/2025\\\/11\\\/08\\\/naturfreunde-schweinheim-spenden-500-euro-an-den-tv-schweinheim-gemeinsam-fuer-unser-dach\\\/\"},\"wordCount\":90,\"publisher\":{\"@id\":\"https:\\\/\\\/www.tv-schweinheim.de\\\/wp\\\/#organization\"},\"image\":{\"@id\":\"https:\\\/\\\/www.tv-schweinheim.de\\\/wp\\\/2025\\\/11\\\/08\\\/naturfreunde-schweinheim-spenden-500-euro-an-den-tv-schweinheim-gemeinsam-fuer-unser-dach\\\/#primaryimage\"},\"thumbnailUrl\":\"https:\\\/\\\/www.tv-schweinheim.de\\\/wp\\\/wp-content\\\/uploads\\\/2025\\\/11\\\/image0-8-scaled.jpeg\",\"articleSection\":[\"Werbung\"],\"inLanguage\":\"de\"},{\"@type\":\"WebPage\",\"@id\":\"https:\\\/\\\/www.tv-schweinheim.de\\\/wp\\\/2025\\\/11\\\/08\\\/naturfreunde-schweinheim-spenden-500-euro-an-den-tv-schweinheim-gemeinsam-fuer-unser-dach\\\/\",\"url\":\"https:\\\/\\\/www.tv-schweinheim.de\\\/wp\\\/2025\\\/11\\\/08\\\/naturfreunde-schweinheim-spenden-500-euro-an-den-tv-schweinheim-gemeinsam-fuer-unser-dach\\\/\",\"name\":\"Naturfreunde Schweinheim spenden 500 Euro an den TV Schweinheim \u2013 Gemeinsam f\u00fcr unser Dach - Turnverein Schweinheim\",\"isPartOf\":{\"@id\":\"https:\\\/\\\/www.tv-schweinheim.de\\\/wp\\\/#website\"},\"primaryImageOfPage\":{\"@id\":\"https:\\\/\\\/www.tv-schweinheim.de\\\/wp\\\/2025\\\/11\\\/08\\\/naturfreunde-schweinheim-spenden-500-euro-an-den-tv-schweinheim-gemeinsam-fuer-unser-dach\\\/#primaryimage\"},\"image\":{\"@id\":\"https:\\\/\\\/www.tv-schweinheim.de\\\/wp\\\/2025\\\/11\\\/08\\\/naturfreunde-schweinheim-spenden-500-euro-an-den-tv-schweinheim-gemeinsam-fuer-unser-dach\\\/#primaryimage\"},\"thumbnailUrl\":\"https:\\\/\\\/www.tv-schweinheim.de\\\/wp\\\/wp-content\\\/uploads\\\/2025\\\/11\\\/image0-8-scaled.jpeg\",\"datePublished\":\"2025-11-08T15:32:49+00:00\",\"dateModified\":\"2025-11-08T15:34:39+00:00\",\"breadcrumb\":{\"@id\":\"https:\\\/\\\/www.tv-schweinheim.de\\\/wp\\\/2025\\\/11\\\/08\\\/naturfreunde-schweinheim-spenden-500-euro-an-den-tv-schweinheim-gemeinsam-fuer-unser-dach\\\/#breadcrumb\"},\"inLanguage\":\"de\",\"potentialAction\":[{\"@type\":\"ReadAction\",\"target\":[\"https:\\\/\\\/www.tv-schweinheim.de\\\/wp\\\/2025\\\/11\\\/08\\\/naturfreunde-schweinheim-spenden-500-euro-an-den-tv-schweinheim-gemeinsam-fuer-unser-dach\\\/\"]}]},{\"@type\":\"ImageObject\",\"inLanguage\":\"de\",\"@id\":\"https:\\\/\\\/www.tv-schweinheim.de\\\/wp\\\/2025\\\/11\\\/08\\\/naturfreunde-schweinheim-spenden-500-euro-an-den-tv-schweinheim-gemeinsam-fuer-unser-dach\\\/#primaryimage\",\"url\":\"https:\\\/\\\/www.tv-schweinheim.de\\\/wp\\\/wp-content\\\/uploads\\\/2025\\\/11\\\/image0-8-scaled.jpeg\",\"contentUrl\":\"https:\\\/\\\/www.tv-schweinheim.de\\\/wp\\\/wp-content\\\/uploads\\\/2025\\\/11\\\/image0-8-scaled.jpeg\",\"width\":2560,\"height\":1872},{\"@type\":\"BreadcrumbList\",\"@id\":\"https:\\\/\\\/www.tv-schweinheim.de\\\/wp\\\/2025\\\/11\\\/08\\\/naturfreunde-schweinheim-spenden-500-euro-an-den-tv-schweinheim-gemeinsam-fuer-unser-dach\\\/#breadcrumb\",\"itemListElement\":[{\"@type\":\"ListItem\",\"position\":1,\"name\":\"Startseite\",\"item\":\"https:\\\/\\\/www.tv-schweinheim.de\\\/wp\\\/\"},{\"@type\":\"ListItem\",\"position\":2,\"name\":\"Naturfreunde Schweinheim spenden 500 Euro an den TV Schweinheim \u2013 Gemeinsam f\u00fcr unser Dach\"}]},{\"@type\":\"WebSite\",\"@id\":\"https:\\\/\\\/www.tv-schweinheim.de\\\/wp\\\/#website\",\"url\":\"https:\\\/\\\/www.tv-schweinheim.de\\\/wp\\\/\",\"name\":\"Turnverein Schweinheim\",\"description\":\"1885 e.V.\",\"publisher\":{\"@id\":\"https:\\\/\\\/www.tv-schweinheim.de\\\/wp\\\/#organization\"},\"potentialAction\":[{\"@type\":\"SearchAction\",\"target\":{\"@type\":\"EntryPoint\",\"urlTemplate\":\"https:\\\/\\\/www.tv-schweinheim.de\\\/wp\\\/?s={search_term_string}\"},\"query-input\":{\"@type\":\"PropertyValueSpecification\",\"valueRequired\":true,\"valueName\":\"search_term_string\"}}],\"inLanguage\":\"de\"},{\"@type\":\"Organization\",\"@id\":\"https:\\\/\\\/www.tv-schweinheim.de\\\/wp\\\/#organization\",\"name\":\"TV Schweinheim\",\"url\":\"https:\\\/\\\/www.tv-schweinheim.de\\\/wp\\\/\",\"logo\":{\"@type\":\"ImageObject\",\"inLanguage\":\"de\",\"@id\":\"https:\\\/\\\/www.tv-schweinheim.de\\\/wp\\\/#\\\/schema\\\/logo\\\/image\\\/\",\"url\":\"https:\\\/\\\/www.tv-schweinheim.de\\\/wp\\\/wp-content\\\/uploads\\\/2020\\\/06\\\/logo.png\",\"contentUrl\":\"https:\\\/\\\/www.tv-schweinheim.de\\\/wp\\\/wp-content\\\/uploads\\\/2020\\\/06\\\/logo.png\",\"width\":152,\"height\":146,\"caption\":\"TV Schweinheim\"},\"image\":{\"@id\":\"https:\\\/\\\/www.tv-schweinheim.de\\\/wp\\\/#\\\/schema\\\/logo\\\/image\\\/\"},\"sameAs\":[\"https:\\\/\\\/www.facebook.com\\\/turnvereinschweinheim\\\/\",\"https:\\\/\\\/www.instagram.com\\\/tv_schweinheim\\\/\"]},{\"@type\":\"Person\",\"@id\":\"https:\\\/\\\/www.tv-schweinheim.de\\\/wp\\\/#\\\/schema\\\/person\\\/915ee9d7e551cd0d56482210d3559051\",\"name\":\"TV Schweinheim\",\"image\":{\"@type\":\"ImageObject\",\"inLanguage\":\"de\",\"@id\":\"https:\\\/\\\/secure.gravatar.com\\\/avatar\\\/cc8d8ce0419cb19a9ea8d6ac28532150268e2dcc375b4224f15f39b3b6ca3675?s=96&d=mm&r=g\",\"url\":\"https:\\\/\\\/secure.gravatar.com\\\/avatar\\\/cc8d8ce0419cb19a9ea8d6ac28532150268e2dcc375b4224f15f39b3b6ca3675?s=96&d=mm&r=g\",\"contentUrl\":\"https:\\\/\\\/secure.gravatar.com\\\/avatar\\\/cc8d8ce0419cb19a9ea8d6ac28532150268e2dcc375b4224f15f39b3b6ca3675?s=96&d=mm&r=g\",\"caption\":\"TV Schweinheim\"},\"url\":\"https:\\\/\\\/www.tv-schweinheim.de\\\/wp\\\/author\\\/superuser\\\/\"}]}<\/script>\n<!-- \/ Yoast SEO plugin. -->","yoast_head_json":{"title":"Naturfreunde Schweinheim spenden 500 Euro an den TV Schweinheim \u2013 Gemeinsam f\u00fcr unser Dach - Turnverein Schweinheim","robots":{"index":"index","follow":"follow","max-snippet":"max-snippet:-1","max-image-preview":"max-image-preview:large","max-video-preview":"max-video-preview:-1"},"canonical":"https:\/\/www.tv-schweinheim.de\/wp\/2025\/11\/08\/naturfreunde-schweinheim-spenden-500-euro-an-den-tv-schweinheim-gemeinsam-fuer-unser-dach\/","og_locale":"de_DE","og_type":"article","og_title":"Naturfreunde Schweinheim spenden 500 Euro an den TV Schweinheim \u2013 Gemeinsam f\u00fcr unser Dach - Turnverein Schweinheim","og_description":"Schweinheim \u2013 Der TV Schweinheim durfte sich erneut \u00fcber eine gro\u00dfz\u00fcgige Unterst\u00fctzung aus der Schweinheimer Vereinsgemeinschaft freuen. Die Naturfreunde Schweinheim \u00fcberreichten eine Spende in H\u00f6he von 500 Euro f\u00fcr die Sanierung des Vereinsdachs. Der TV Schweinheim bedankt sich herzlich bei den Naturfreunden f\u00fcr diese wertvolle Hilfe. \u201eWir halten zusammen \u2013 das ist Schweinheim!\u201c, so der&hellip;&nbsp;Mehr lesen &raquo;Naturfreunde Schweinheim spenden 500 Euro an den TV Schweinheim \u2013 Gemeinsam f\u00fcr unser Dach","og_url":"https:\/\/www.tv-schweinheim.de\/wp\/2025\/11\/08\/naturfreunde-schweinheim-spenden-500-euro-an-den-tv-schweinheim-gemeinsam-fuer-unser-dach\/","og_site_name":"Turnverein Schweinheim","article_publisher":"https:\/\/www.facebook.com\/turnvereinschweinheim\/","article_published_time":"2025-11-08T15:32:49+00:00","article_modified_time":"2025-11-08T15:34:39+00:00","og_image":[{"width":2560,"height":1872,"url":"https:\/\/www.tv-schweinheim.de\/wp\/wp-content\/uploads\/2025\/11\/image0-8-scaled.jpeg","type":"image\/jpeg"}],"author":"TV Schweinheim","twitter_card":"summary_large_image","twitter_misc":{"Verfasst von":"TV Schweinheim","Gesch\u00e4tzte Lesezeit":"1\u00a0Minute"},"schema":{"@context":"https:\/\/schema.org","@graph":[{"@type":"Article","@id":"https:\/\/www.tv-schweinheim.de\/wp\/2025\/11\/08\/naturfreunde-schweinheim-spenden-500-euro-an-den-tv-schweinheim-gemeinsam-fuer-unser-dach\/#article","isPartOf":{"@id":"https:\/\/www.tv-schweinheim.de\/wp\/2025\/11\/08\/naturfreunde-schweinheim-spenden-500-euro-an-den-tv-schweinheim-gemeinsam-fuer-unser-dach\/"},"author":{"name":"TV Schweinheim","@id":"https:\/\/www.tv-schweinheim.de\/wp\/#\/schema\/person\/915ee9d7e551cd0d56482210d3559051"},"headline":"Naturfreunde Schweinheim spenden 500 Euro an den TV Schweinheim \u2013 Gemeinsam f\u00fcr unser Dach","datePublished":"2025-11-08T15:32:49+00:00","dateModified":"2025-11-08T15:34:39+00:00","mainEntityOfPage":{"@id":"https:\/\/www.tv-schweinheim.de\/wp\/2025\/11\/08\/naturfreunde-schweinheim-spenden-500-euro-an-den-tv-schweinheim-gemeinsam-fuer-unser-dach\/"},"wordCount":90,"publisher":{"@id":"https:\/\/www.tv-schweinheim.de\/wp\/#organization"},"image":{"@id":"https:\/\/www.tv-schweinheim.de\/wp\/2025\/11\/08\/naturfreunde-schweinheim-spenden-500-euro-an-den-tv-schweinheim-gemeinsam-fuer-unser-dach\/#primaryimage"},"thumbnailUrl":"https:\/\/www.tv-schweinheim.de\/wp\/wp-content\/uploads\/2025\/11\/image0-8-scaled.jpeg","articleSection":["Werbung"],"inLanguage":"de"},{"@type":"WebPage","@id":"https:\/\/www.tv-schweinheim.de\/wp\/2025\/11\/08\/naturfreunde-schweinheim-spenden-500-euro-an-den-tv-schweinheim-gemeinsam-fuer-unser-dach\/","url":"https:\/\/www.tv-schweinheim.de\/wp\/2025\/11\/08\/naturfreunde-schweinheim-spenden-500-euro-an-den-tv-schweinheim-gemeinsam-fuer-unser-dach\/","name":"Naturfreunde Schweinheim spenden 500 Euro an den TV Schweinheim \u2013 Gemeinsam f\u00fcr unser Dach - Turnverein Schweinheim","isPartOf":{"@id":"https:\/\/www.tv-schweinheim.de\/wp\/#website"},"primaryImageOfPage":{"@id":"https:\/\/www.tv-schweinheim.de\/wp\/2025\/11\/08\/naturfreunde-schweinheim-spenden-500-euro-an-den-tv-schweinheim-gemeinsam-fuer-unser-dach\/#primaryimage"},"image":{"@id":"https:\/\/www.tv-schweinheim.de\/wp\/2025\/11\/08\/naturfreunde-schweinheim-spenden-500-euro-an-den-tv-schweinheim-gemeinsam-fuer-unser-dach\/#primaryimage"},"thumbnailUrl":"https:\/\/www.tv-schweinheim.de\/wp\/wp-content\/uploads\/2025\/11\/image0-8-scaled.jpeg","datePublished":"2025-11-08T15:32:49+00:00","dateModified":"2025-11-08T15:34:39+00:00","breadcrumb":{"@id":"https:\/\/www.tv-schweinheim.de\/wp\/2025\/11\/08\/naturfreunde-schweinheim-spenden-500-euro-an-den-tv-schweinheim-gemeinsam-fuer-unser-dach\/#breadcrumb"},"inLanguage":"de","potentialAction":[{"@type":"ReadAction","target":["https:\/\/www.tv-schweinheim.de\/wp\/2025\/11\/08\/naturfreunde-schweinheim-spenden-500-euro-an-den-tv-schweinheim-gemeinsam-fuer-unser-dach\/"]}]},{"@type":"ImageObject","inLanguage":"de","@id":"https:\/\/www.tv-schweinheim.de\/wp\/2025\/11\/08\/naturfreunde-schweinheim-spenden-500-euro-an-den-tv-schweinheim-gemeinsam-fuer-unser-dach\/#primaryimage","url":"https:\/\/www.tv-schweinheim.de\/wp\/wp-content\/uploads\/2025\/11\/image0-8-scaled.jpeg","contentUrl":"https:\/\/www.tv-schweinheim.de\/wp\/wp-content\/uploads\/2025\/11\/image0-8-scaled.jpeg","width":2560,"height":1872},{"@type":"BreadcrumbList","@id":"https:\/\/www.tv-schweinheim.de\/wp\/2025\/11\/08\/naturfreunde-schweinheim-spenden-500-euro-an-den-tv-schweinheim-gemeinsam-fuer-unser-dach\/#breadcrumb","itemListElement":[{"@type":"ListItem","position":1,"name":"Startseite","item":"https:\/\/www.tv-schweinheim.de\/wp\/"},{"@type":"ListItem","position":2,"name":"Naturfreunde Schweinheim spenden 500 Euro an den TV Schweinheim \u2013 Gemeinsam f\u00fcr unser Dach"}]},{"@type":"WebSite","@id":"https:\/\/www.tv-schweinheim.de\/wp\/#website","url":"https:\/\/www.tv-schweinheim.de\/wp\/","name":"Turnverein Schweinheim","description":"1885 e.V.","publisher":{"@id":"https:\/\/www.tv-schweinheim.de\/wp\/#organization"},"potentialAction":[{"@type":"SearchAction","target":{"@type":"EntryPoint","urlTemplate":"https:\/\/www.tv-schweinheim.de\/wp\/?s={search_term_string}"},"query-input":{"@type":"PropertyValueSpecification","valueRequired":true,"valueName":"search_term_string"}}],"inLanguage":"de"},{"@type":"Organization","@id":"https:\/\/www.tv-schweinheim.de\/wp\/#organization","name":"TV Schweinheim","url":"https:\/\/www.tv-schweinheim.de\/wp\/","logo":{"@type":"ImageObject","inLanguage":"de","@id":"https:\/\/www.tv-schweinheim.de\/wp\/#\/schema\/logo\/image\/","url":"https:\/\/www.tv-schweinheim.de\/wp\/wp-content\/uploads\/2020\/06\/logo.png","contentUrl":"https:\/\/www.tv-schweinheim.de\/wp\/wp-content\/uploads\/2020\/06\/logo.png","width":152,"height":146,"caption":"TV Schweinheim"},"image":{"@id":"https:\/\/www.tv-schweinheim.de\/wp\/#\/schema\/logo\/image\/"},"sameAs":["https:\/\/www.facebook.com\/turnvereinschweinheim\/","https:\/\/www.instagram.com\/tv_schweinheim\/"]},{"@type":"Person","@id":"https:\/\/www.tv-schweinheim.de\/wp\/#\/schema\/person\/915ee9d7e551cd0d56482210d3559051","name":"TV Schweinheim","image":{"@type":"ImageObject","inLanguage":"de","@id":"https:\/\/secure.gravatar.com\/avatar\/cc8d8ce0419cb19a9ea8d6ac28532150268e2dcc375b4224f15f39b3b6ca3675?s=96&d=mm&r=g","url":"https:\/\/secure.gravatar.com\/avatar\/cc8d8ce0419cb19a9ea8d6ac28532150268e2dcc375b4224f15f39b3b6ca3675?s=96&d=mm&r=g","contentUrl":"https:\/\/secure.gravatar.com\/avatar\/cc8d8ce0419cb19a9ea8d6ac28532150268e2dcc375b4224f15f39b3b6ca3675?s=96&d=mm&r=g","caption":"TV Schweinheim"},"url":"https:\/\/www.tv-schweinheim.de\/wp\/author\/superuser\/"}]}},"_links":{"self":[{"href":"https:\/\/www.tv-schweinheim.de\/wp\/wp-json\/wp\/v2\/posts\/15736","targetHints":{"allow":["GET"]}}],"collection":[{"href":"https:\/\/www.tv-schweinheim.de\/wp\/wp-json\/wp\/v2\/posts"}],"about":[{"href":"https:\/\/www.tv-schweinheim.de\/wp\/wp-json\/wp\/v2\/types\/post"}],"author":[{"embeddable":true,"href":"https:\/\/www.tv-schweinheim.de\/wp\/wp-json\/wp\/v2\/users\/1"}],"replies":[{"embeddable":true,"href":"https:\/\/www.tv-schweinheim.de\/wp\/wp-json\/wp\/v2\/comments?post=15736"}],"version-history":[{"count":4,"href":"https:\/\/www.tv-schweinheim.de\/wp\/wp-json\/wp\/v2\/posts\/15736\/revisions"}],"predecessor-version":[{"id":15741,"href":"https:\/\/www.tv-schweinheim.de\/wp\/wp-json\/wp\/v2\/posts\/15736\/revisions\/15741"}],"wp:featuredmedia":[{"embeddable":true,"href":"https:\/\/www.tv-schweinheim.de\/wp\/wp-json\/wp\/v2\/media\/15737"}],"wp:attachment":[{"href":"https:\/\/www.tv-schweinheim.de\/wp\/wp-json\/wp\/v2\/media?parent=15736"}],"wp:term":[{"taxonomy":"category","embeddable":true,"href":"https:\/\/www.tv-schweinheim.de\/wp\/wp-json\/wp\/v2\/categories?post=15736"},{"taxonomy":"post_tag","embeddable":true,"href":"https:\/\/www.tv-schweinheim.de\/wp\/wp-json\/wp\/v2\/tags?post=15736"}],"curies":[{"name":"wp","href":"https:\/\/api.w.org\/{rel}","templated":true}]}}